{"id":100445,"date":"2019-10-04T11:48:12","date_gmt":"2019-10-04T10:48:12","guid":{"rendered":"http:\/\/www.elche.es\/va\/?p=100445"},"modified":"2019-10-04T11:48:12","modified_gmt":"2019-10-04T10:48:12","slug":"lalcalde-delx-ordena-suspendre-lactuacio-de-david-suarez-a-la-llotja","status":"publish","type":"post","link":"https:\/\/www.elche.es\/va\/2019\/10\/lalcalde-delx-ordena-suspendre-lactuacio-de-david-suarez-a-la-llotja\/","title":{"rendered":"L&#8217;alcalde d&#8217;Elx ordena suspendre l&#8217;actuaci\u00f3 de David Su\u00e1rez a la Llotja"},"content":{"rendered":"<p>L&#8217;alcalde d&#8217;Elx, <span class=\"hiddenSpellError\">Carlos<\/span> Gonz\u00e1lez, ha ordenat suspendre l&#8217;actuaci\u00f3 de David Su\u00e1rez prevista per a dissabte que ve a la sala cultural de la Llotja per considerar que les seues manifestacions a trav\u00e9s de la xarxa social Twitter s\u00f3n nauseabundes i suposen una falta de respecte cap a les persones amb s\u00edndrome de Down, un col\u00b7lectiu que requereix una especial protecci\u00f3 per part dels poders p\u00fablics.<\/p>\n<p>Gonz\u00e1lez explica que l&#8217;Equip de Govern de l&#8217;Ajuntament d&#8217;Elx no era coneixedor de la pol\u00e8mica que ha envoltat les repugnants manifestacions de l&#8217;humorista.<\/p>\n","protected":false},"excerpt":{"rendered":"<p>L&#8217;alcalde d&#8217;Elx, Carlos Gonz\u00e1lez, ha ordenat suspendre l&#8217;actuaci\u00f3 de David Su\u00e1rez prevista per a dissabte que ve a la sala cultural de la Llotja per considerar que les seues manifestacions [&hellip;]<\/p>\n","protected":false},"author":15,"featured_media":76846,"comment_status":"closed","ping_status":"closed","sticky":false,"template":"","format":"standard","meta":{"footnotes":""},"categories":[161,1341],"tags":[],"class_list":["post-100445","post","type-post","status-publish","format-standard","has-post-thumbnail","hentry","category-ajuntament","category-ocio-y-cultura-va"],"_links":{"self":[{"href":"https:\/\/www.elche.es\/va\/wp-json\/wp\/v2\/posts\/100445","targetHints":{"allow":["GET"]}}],"collection":[{"href":"https:\/\/www.elche.es\/va\/wp-json\/wp\/v2\/posts"}],"about":[{"href":"https:\/\/www.elche.es\/va\/wp-json\/wp\/v2\/types\/post"}],"author":[{"embeddable":true,"href":"https:\/\/www.elche.es\/va\/wp-json\/wp\/v2\/users\/15"}],"replies":[{"embeddable":true,"href":"https:\/\/www.elche.es\/va\/wp-json\/wp\/v2\/comments?post=100445"}],"version-history":[{"count":0,"href":"https:\/\/www.elche.es\/va\/wp-json\/wp\/v2\/posts\/100445\/revisions"}],"wp:featuredmedia":[{"embeddable":true,"href":"https:\/\/www.elche.es\/va\/wp-json\/wp\/v2\/media\/76846"}],"wp:attachment":[{"href":"https:\/\/www.elche.es\/va\/wp-json\/wp\/v2\/media?parent=100445"}],"wp:term":[{"taxonomy":"category","embeddable":true,"href":"https:\/\/www.elche.es\/va\/wp-json\/wp\/v2\/categories?post=100445"},{"taxonomy":"post_tag","embeddable":true,"href":"https:\/\/www.elche.es\/va\/wp-json\/wp\/v2\/tags?post=100445"}],"curies":[{"name":"wp","href":"https:\/\/api.w.org\/{rel}","templated":true}]}}