{"id":10094,"date":"2016-12-12T08:32:34","date_gmt":"2016-12-12T08:32:34","guid":{"rendered":"http:\/\/www.elche.es\/va\/2016\/12\/casa-de-la-dona-radio-diciembre-2016\/"},"modified":"2016-12-13T08:18:14","modified_gmt":"2016-12-13T08:18:14","slug":"casa-de-la-dona-radio-diciembre-2016","status":"publish","type":"post","link":"https:\/\/www.elche.es\/va\/2016\/12\/casa-de-la-dona-radio-diciembre-2016\/","title":{"rendered":"Casa de la Dona R\u00e0dio &#8211; Desembre 2016"},"content":{"rendered":"<div class=\"contentbody news-contentbody\"><\/div>\n<p>Programa Casa de la Dona R\u00e0dio, desembre 2016.<\/p>\n<p>Parlem del II Taller d'&#8221;Educaci\u00f3 en Habilitats de Benestar i Igualtat\u201d, de la Casa de la Dona.<br \/>\nMarisa Bartolom\u00e9, Coordinadora de Casa de la Dona per a puntualitzar-nos idees i plans pr\u00f2xims.<br \/>\nConeixem el Taller de \u201cEducant en Habilitats de Benestar i Igualtat \u201d de la Casa de la Dona, dirigit per Concepci\u00f3n Coves, t\u00e8cnica superior en integraci\u00f3 social, que ha invitat dos de es participants (Carmen i Halima) en este taller perqu\u00e8 ens conten la seua experi\u00e8ncia i el seu canvi de vida durant este taller.<br \/>\nEntrevista tamb\u00e9 a Juanjo Soriano Navarro, per a parlar del seu llibre \u201cNing\u00fan mal dura cien a\u00f1os\u201d, basat en una hist\u00f2ria real de viol\u00e8ncia de g\u00e8nere.<br \/>\nEscoltar programa<br \/>\nCAN\u00c7\u00d3 1: \u201cAMIGAS&#8221;, d\u2019Ana Bel\u00e9n.<br \/>\nCAN\u00c7\u00d3 2: \u201cSalir corriendo&#8221;, d\u2019Amaral.<br \/>\nCAN\u00c7\u00d3 3: \u201cSe acabaron las l\u00e1grimas&#8221;, de Huecco y Hanna<br \/>\nCAN\u00c7\u00d3 D\u2019ACOMIADAMENT: \u201cHoy por mi &#8220;, d\u2019Efecto Mariposa<\/p>\n","protected":false},"excerpt":{"rendered":"<p>Programa Casa de la Dona R\u00e0dio, desembre 2016. Parlem del II Taller d&#8217;&#8221;Educaci\u00f3 en Habilitats de Benestar i Igualtat\u201d, de la Casa de la Dona. Marisa Bartolom\u00e9, Coordinadora de Casa [&hellip;]<\/p>\n","protected":false},"author":131,"featured_media":10036,"comment_status":"closed","ping_status":"closed","sticky":false,"template":"","format":"standard","meta":{"footnotes":""},"categories":[209],"tags":[584,591,592,586,593,594],"class_list":["post-10094","post","type-post","status-publish","format-standard","has-post-thumbnail","hentry","category-igualtat-va","tag-carmen-g-de-la-cueva-va","tag-juanjo-soriano-navarro-va","tag-la-casa-de-la-dona-va","tag-mama-quiero-ser-feminista-va","tag-ningun-mal-dura-cien-anos-va","tag-no-a-la-violencia-de-genero-va"],"_links":{"self":[{"href":"https:\/\/www.elche.es\/va\/wp-json\/wp\/v2\/posts\/10094","targetHints":{"allow":["GET"]}}],"collection":[{"href":"https:\/\/www.elche.es\/va\/wp-json\/wp\/v2\/posts"}],"about":[{"href":"https:\/\/www.elche.es\/va\/wp-json\/wp\/v2\/types\/post"}],"author":[{"embeddable":true,"href":"https:\/\/www.elche.es\/va\/wp-json\/wp\/v2\/users\/131"}],"replies":[{"embeddable":true,"href":"https:\/\/www.elche.es\/va\/wp-json\/wp\/v2\/comments?post=10094"}],"version-history":[{"count":0,"href":"https:\/\/www.elche.es\/va\/wp-json\/wp\/v2\/posts\/10094\/revisions"}],"wp:featuredmedia":[{"embeddable":true,"href":"https:\/\/www.elche.es\/va\/wp-json\/wp\/v2\/media\/10036"}],"wp:attachment":[{"href":"https:\/\/www.elche.es\/va\/wp-json\/wp\/v2\/media?parent=10094"}],"wp:term":[{"taxonomy":"category","embeddable":true,"href":"https:\/\/www.elche.es\/va\/wp-json\/wp\/v2\/categories?post=10094"},{"taxonomy":"post_tag","embeddable":true,"href":"https:\/\/www.elche.es\/va\/wp-json\/wp\/v2\/tags?post=10094"}],"curies":[{"name":"wp","href":"https:\/\/api.w.org\/{rel}","templated":true}]}}