{"id":101053,"date":"2019-10-14T09:36:48","date_gmt":"2019-10-14T08:36:48","guid":{"rendered":"http:\/\/www.elche.es\/va\/?p=101053"},"modified":"2019-10-14T09:36:48","modified_gmt":"2019-10-14T08:36:48","slug":"lalcalde-suneix-a-la-celebracio-de-la-verge-del-pilar-i-assisteix-al-festival-de-jotes","status":"publish","type":"post","link":"https:\/\/www.elche.es\/va\/2019\/10\/lalcalde-suneix-a-la-celebracio-de-la-verge-del-pilar-i-assisteix-al-festival-de-jotes\/","title":{"rendered":"L&#8217;alcalde s&#8217;uneix a la celebraci\u00f3 de la verge del Pilar i assisteix al Festival de Jotes"},"content":{"rendered":"<blockquote><p>\u00a0Carlos Gonz\u00e1lez agraeix la labor i el paper que exerceix el centre aragon\u00e9s a la ciutat d&#8217;Elx<\/p><\/blockquote>\n<p>&nbsp;<\/p>\n<p>L&#8217;alcalde, Carlos Gonz\u00e1lez, la regidora de Festes, Mariola Galiana, la de Cultura, Marga Ant\u00f3n i membres de la Corporaci\u00f3 Municipal, han assistit al Festival de Jotes organitzat pel Centre Aragon\u00e9s d&#8217;Elx en el Gran Teatre amb motiu de la festivitat del Pilar que des de fa m\u00e9s de trenta anys delecta al nombr\u00f3s p\u00fablic assistent.<\/p>\n<p>Durant prop de dues hores, els membres del centre aragon\u00e9s han interpretat m\u00e9s de vint peces. El festival ha finalitzat amb unes paraules de l&#8217;alcalde en les quals ha agra\u00eft el paper que el centre aragon\u00e9s exerceix a Elx i en les seues festes. \u201c\u00c9s molt destacable veure com els aragonesos d&#8217;Elx us esforceu, generaci\u00f3 rere generaci\u00f3, per conservar els elements propis de la vostra identitat i cultura\u201d, ha assenyalat Gonz\u00e1lez.<\/p>\n<p>Despr\u00e9s de l&#8217;acte, les i els assistents han assistit a un menjar de germanor en el restaurant Jard\u00ed Mil\u00b7lenni.<\/p>\n","protected":false},"excerpt":{"rendered":"<p>\u00a0Carlos Gonz\u00e1lez agraeix la labor i el paper que exerceix el centre aragon\u00e9s a la ciutat d&#8217;Elx &nbsp; L&#8217;alcalde, Carlos Gonz\u00e1lez, la regidora de Festes, Mariola Galiana, la de Cultura, [&hellip;]<\/p>\n","protected":false},"author":15,"featured_media":101039,"comment_status":"closed","ping_status":"closed","sticky":false,"template":"","format":"standard","meta":{"footnotes":""},"categories":[191,1341],"tags":[],"class_list":["post-101053","post","type-post","status-publish","format-standard","has-post-thumbnail","hentry","category-festes-va","category-ocio-y-cultura-va"],"_links":{"self":[{"href":"https:\/\/www.elche.es\/va\/wp-json\/wp\/v2\/posts\/101053","targetHints":{"allow":["GET"]}}],"collection":[{"href":"https:\/\/www.elche.es\/va\/wp-json\/wp\/v2\/posts"}],"about":[{"href":"https:\/\/www.elche.es\/va\/wp-json\/wp\/v2\/types\/post"}],"author":[{"embeddable":true,"href":"https:\/\/www.elche.es\/va\/wp-json\/wp\/v2\/users\/15"}],"replies":[{"embeddable":true,"href":"https:\/\/www.elche.es\/va\/wp-json\/wp\/v2\/comments?post=101053"}],"version-history":[{"count":0,"href":"https:\/\/www.elche.es\/va\/wp-json\/wp\/v2\/posts\/101053\/revisions"}],"wp:featuredmedia":[{"embeddable":true,"href":"https:\/\/www.elche.es\/va\/wp-json\/wp\/v2\/media\/101039"}],"wp:attachment":[{"href":"https:\/\/www.elche.es\/va\/wp-json\/wp\/v2\/media?parent=101053"}],"wp:term":[{"taxonomy":"category","embeddable":true,"href":"https:\/\/www.elche.es\/va\/wp-json\/wp\/v2\/categories?post=101053"},{"taxonomy":"post_tag","embeddable":true,"href":"https:\/\/www.elche.es\/va\/wp-json\/wp\/v2\/tags?post=101053"}],"curies":[{"name":"wp","href":"https:\/\/api.w.org\/{rel}","templated":true}]}}