{"id":101324,"date":"2019-10-17T13:13:18","date_gmt":"2019-10-17T12:13:18","guid":{"rendered":"http:\/\/www.elche.es\/va\/?p=101324"},"modified":"2019-10-17T13:13:18","modified_gmt":"2019-10-17T12:13:18","slug":"el-regidor-digualtat-advoca-per-una-serie-daccions-contra-el-trafic-de-dones","status":"publish","type":"post","link":"https:\/\/www.elche.es\/va\/2019\/10\/el-regidor-digualtat-advoca-per-una-serie-daccions-contra-el-trafic-de-dones\/","title":{"rendered":"El regidor d&#8217;Igualtat advoca per una s\u00e8rie d&#8217;accions contra el tr\u00e0fic de dones"},"content":{"rendered":"<blockquote><p>El regidor Mariano Valera participa en la IV Jornada sobre Viol\u00e8ncia de G\u00e8nere de la UMH \u201cEl tr\u00e0fic de dones i xiquetes amb finalitats d&#8217;explotaci\u00f3 sexual\u201d<\/p>\n<p>Entre les mesures destaca la posada en marxa d&#8217;un servei d&#8217;Atenci\u00f3 Especialitzada i una guia de drets per a dones prostitu\u00efdes<\/p>\n<p>Segons un estudi, realitzat des de la Regidoria d&#8217;Igualtat, el perfil de dona prostitu\u00efda es dona amb major freq\u00fc\u00e8ncia en dones joves, principalment estrangeres, en situaci\u00f3 legal i d&#8217;extrema vulnerabilitat.<\/p><\/blockquote>\n<p>El regidor d&#8217;Igualtat, Mariano Valera, ha advocat per l&#8217;adopci\u00f3 d&#8217;un conjunt de mesures per a lluitar contra el tr\u00e0fic de dones i xiquetes amb finalitats d&#8217;explotaci\u00f3 sexual. Ha fet una enumeraci\u00f3 de les accions contra aquest problema durant la seua intervenci\u00f3 en la IV Jornada sobre Viol\u00e8ncia de G\u00e8nere de la UMH \u201cEl tr\u00e0fic de dones i xiquetes amb finalitats d&#8217;explotaci\u00f3 sexual\u201d que ha tingut lloc a l&#8217;aula magna de l&#8217;edifici Altabix de la Universitat Miguel Hern\u00e1ndez d&#8217;Elx (UMH). A l&#8217;acte tamb\u00e9 han assistit el rector de la UMH, Juan Jos\u00e9 Ruiz, la subdelegada del Govern a Alacant, Araceli Poblador, la directora del Centre Interdisciplinari d&#8217;Estudis i Igualtat, Mar\u00eda Jes\u00fas Navarro, i Mar\u00eda Teresa S\u00e1nchez, representant de l&#8217;ajuntament d&#8217;Oriola.<\/p>\n<p>Per a l&#8217;edil, \u00e9s necess\u00e0ria \u201cla posada en marxa d&#8217;un servei d&#8217;atenci\u00f3 especialitzada dirigit a dones prostitu\u00efdes, mesures en l&#8217;\u00e0mbit de l&#8217;educaci\u00f3 en la igualtat, la prevenci\u00f3, la sensibilitzaci\u00f3, la den\u00fancia, l&#8217;elaboraci\u00f3 d&#8217;una ordenan\u00e7a municipal que lluite contra aquest problema, la realitzaci\u00f3 d&#8217;una campanya divulgativa per a frenar el consum de pornografia, la inclusi\u00f3 d&#8217;aquest col\u00b7lectiu en els programes especials d&#8217;ocupaci\u00f3, acc\u00e9s a l&#8217;habitatge i qualsevol altre recurs de tipus municipal, entre altres mesures.<\/p>\n<p>Valero ha assenyalat que des de la Regidoria, durant part de l&#8217;any 2018, es va realitzar un estudi amb alumnes de pr\u00e0ctiques del cicle de Promotores d&#8217;Igualtat, en el qual es va analitzar que el perfil de dona prostitu\u00efda es donava amb major freq\u00fc\u00e8ncia en dones joves, principalment estrangeres, en situaci\u00f3 legal i d&#8217;extrema vulnerabilitat. \u201cAquest estudi ens porta a pensar que encara que la prostituci\u00f3 a Elx no genera alarma social, s\u00ed que existeix un nombre important de dones prostitu\u00efdes i veiem que cada vegada \u00e9s un fenomen m\u00e9s amagat per la proliferaci\u00f3 de pisos i la diversitat en la manera de poder exercir la prostituci\u00f3\u201d, ha destacat el regidor.<\/p>\n<p>Valera ha reiterat que des de la Regidoria d&#8217;Igualtat i a trav\u00e9s de la Casa de la Dona tenen una gran motivaci\u00f3 per a avan\u00e7ar en la consecuci\u00f3 d&#8217;una societat m\u00e9s justa, igualit\u00e0ria, democr\u00e0tica i treballar per l&#8217;erradicaci\u00f3 de la viol\u00e8ncia de g\u00e8nere.<\/p>\n<p>Al llarg d&#8217;aquesta vesprada es desenvoluparan diferents xarrades sobre la viol\u00e8ncia de g\u00e8nere i els abusos sexuals. La jornada tamb\u00e9 comptar\u00e0 amb diferents exposicions de fotografia i escultura.<\/p>\n","protected":false},"excerpt":{"rendered":"<p>El regidor Mariano Valera participa en la IV Jornada sobre Viol\u00e8ncia de G\u00e8nere de la UMH \u201cEl tr\u00e0fic de dones i xiquetes amb finalitats d&#8217;explotaci\u00f3 sexual\u201d Entre les mesures destaca [&hellip;]<\/p>\n","protected":false},"author":15,"featured_media":101280,"comment_status":"closed","ping_status":"closed","sticky":false,"template":"","format":"standard","meta":{"footnotes":""},"categories":[209],"tags":[],"class_list":["post-101324","post","type-post","status-publish","format-standard","has-post-thumbnail","hentry","category-igualtat-va"],"_links":{"self":[{"href":"https:\/\/www.elche.es\/va\/wp-json\/wp\/v2\/posts\/101324","targetHints":{"allow":["GET"]}}],"collection":[{"href":"https:\/\/www.elche.es\/va\/wp-json\/wp\/v2\/posts"}],"about":[{"href":"https:\/\/www.elche.es\/va\/wp-json\/wp\/v2\/types\/post"}],"author":[{"embeddable":true,"href":"https:\/\/www.elche.es\/va\/wp-json\/wp\/v2\/users\/15"}],"replies":[{"embeddable":true,"href":"https:\/\/www.elche.es\/va\/wp-json\/wp\/v2\/comments?post=101324"}],"version-history":[{"count":0,"href":"https:\/\/www.elche.es\/va\/wp-json\/wp\/v2\/posts\/101324\/revisions"}],"wp:featuredmedia":[{"embeddable":true,"href":"https:\/\/www.elche.es\/va\/wp-json\/wp\/v2\/media\/101280"}],"wp:attachment":[{"href":"https:\/\/www.elche.es\/va\/wp-json\/wp\/v2\/media?parent=101324"}],"wp:term":[{"taxonomy":"category","embeddable":true,"href":"https:\/\/www.elche.es\/va\/wp-json\/wp\/v2\/categories?post=101324"},{"taxonomy":"post_tag","embeddable":true,"href":"https:\/\/www.elche.es\/va\/wp-json\/wp\/v2\/tags?post=101324"}],"curies":[{"name":"wp","href":"https:\/\/api.w.org\/{rel}","templated":true}]}}