{"id":10450,"date":"2016-12-15T13:00:05","date_gmt":"2016-12-15T12:00:05","guid":{"rendered":"http:\/\/www.elche.es\/va\/2016\/12\/el-ayuntamiento-integrara-las-ultimas-novedades-en-los-seis-autobuses-que-se-incorporaran-a-la-flota-en-mayo\/"},"modified":"2016-12-21T08:53:33","modified_gmt":"2016-12-21T07:53:33","slug":"el-ayuntamiento-integrara-las-ultimas-novedades-en-los-seis-autobuses-que-se-incorporaran-a-la-flota-en-mayo","status":"publish","type":"post","link":"https:\/\/www.elche.es\/va\/2016\/12\/el-ayuntamiento-integrara-las-ultimas-novedades-en-los-seis-autobuses-que-se-incorporaran-a-la-flota-en-mayo\/","title":{"rendered":"L&#8217;Ajuntament integrar\u00e0 les \u00faltimes novetats al sis autobusos que en el mes de maig s&#8217;incorporaran a la flota"},"content":{"rendered":"<blockquote><p>La regidora de l\u2019\u00e0rea, Esther D\u00edez, i el responsable d\u2019Autobusos Urbans viatgen a Santiago de Compostel\u00b7la a fi de visitar empreses punteres en solucions sostenibles<\/p><\/blockquote>\n<p>La regidora de Mobilitat Urbana, Esther D\u00edez, i el responsable d\u2019Autobusos Urbans, Angel Luis Andreu, han viatjat a Santiago de Compostel\u00b7la on han visitat les empreses <em>Carrocera Castrosua<\/em>, fabricant de carrosseries per a autobusos, i <em>Vectia<\/em>, participada per <em>Carrocera Castrosua<\/em> i <em>CAF Power &amp; Automation<\/em>, centrada a donar solucions sostenibles de transport urb\u00e0.<br \/>\nTal i com ha explicat la regidora, \u201cla visita s\u2019ha efectuat per con\u00e9ixer les \u00faltimes novetats susceptibles de ser integrades en els nous sis autobusos que s\u2019incorporen a la flota d\u2019autobusos urbans d\u2019Elx, segons est\u00e0 fixat en l\u2019actual contracta\u201d, ha indicat la regidora, que ha afegit que s\u00f3n autobusos que substitu\u00efxen els m\u00e9s antics, l\u2019aplegada dels quals est\u00e0 prevista per al mes de maig.<br \/>\nD\u00edez ha assenyalat que \u201cvolem que Elx dispose d\u2019autobusos urbans que siguen m\u00e9s sostenibles, que garantisquen la comoditat dels usuaris, especialment aquells amb una mobilitat m\u00e9s redu\u00efda, i que incorporen les majors facilitats tecnol\u00f2giques\u201d.<\/p>\n","protected":false},"excerpt":{"rendered":"<p>La regidora de l\u2019\u00e0rea, Esther D\u00edez, i el responsable d\u2019Autobusos Urbans viatgen a Santiago de Compostel\u00b7la a fi de visitar empreses punteres en solucions sostenibles La regidora de Mobilitat Urbana, [&hellip;]<\/p>\n","protected":false},"author":10,"featured_media":10419,"comment_status":"closed","ping_status":"closed","sticky":false,"template":"","format":"standard","meta":{"footnotes":""},"categories":[217],"tags":[],"class_list":["post-10450","post","type-post","status-publish","format-standard","has-post-thumbnail","hentry","category-mobilitat"],"_links":{"self":[{"href":"https:\/\/www.elche.es\/va\/wp-json\/wp\/v2\/posts\/10450","targetHints":{"allow":["GET"]}}],"collection":[{"href":"https:\/\/www.elche.es\/va\/wp-json\/wp\/v2\/posts"}],"about":[{"href":"https:\/\/www.elche.es\/va\/wp-json\/wp\/v2\/types\/post"}],"author":[{"embeddable":true,"href":"https:\/\/www.elche.es\/va\/wp-json\/wp\/v2\/users\/10"}],"replies":[{"embeddable":true,"href":"https:\/\/www.elche.es\/va\/wp-json\/wp\/v2\/comments?post=10450"}],"version-history":[{"count":0,"href":"https:\/\/www.elche.es\/va\/wp-json\/wp\/v2\/posts\/10450\/revisions"}],"wp:featuredmedia":[{"embeddable":true,"href":"https:\/\/www.elche.es\/va\/wp-json\/wp\/v2\/media\/10419"}],"wp:attachment":[{"href":"https:\/\/www.elche.es\/va\/wp-json\/wp\/v2\/media?parent=10450"}],"wp:term":[{"taxonomy":"category","embeddable":true,"href":"https:\/\/www.elche.es\/va\/wp-json\/wp\/v2\/categories?post=10450"},{"taxonomy":"post_tag","embeddable":true,"href":"https:\/\/www.elche.es\/va\/wp-json\/wp\/v2\/tags?post=10450"}],"curies":[{"name":"wp","href":"https:\/\/api.w.org\/{rel}","templated":true}]}}