{"id":10466,"date":"2016-12-15T13:25:10","date_gmt":"2016-12-15T12:25:10","guid":{"rendered":"http:\/\/www.elche.es\/va\/2016\/12\/el-ayuntamiento-ayuda-a-33-proyectos-emprendedores-con-una-subvencion-media-a-cada-empresa-de-1-212-euros\/"},"modified":"2016-12-21T09:07:49","modified_gmt":"2016-12-21T08:07:49","slug":"el-ayuntamiento-ayuda-a-33-proyectos-emprendedores-con-una-subvencion-media-a-cada-empresa-de-1-212-euros","status":"publish","type":"post","link":"https:\/\/www.elche.es\/va\/2016\/12\/el-ayuntamiento-ayuda-a-33-proyectos-emprendedores-con-una-subvencion-media-a-cada-empresa-de-1-212-euros\/","title":{"rendered":"L&#8217;Ajuntament ajuda 33 projectes emprenedors amb una subvenci\u00f3 mitjana a cada empresa de 1.212 euros"},"content":{"rendered":"<blockquote><p>El 66% de les entitats s\u00f3n de car\u00e0cter individual o aut\u00f2noms i el 52% estan dirigides per dones<br \/>\nEl sector en qu\u00e8 m\u00e9s s\u2019empr\u00e9n \u00e9s el de servicis a persones i a empreses<\/p><\/blockquote>\n<p>El programa \u201c<em>Subvencions Elx Empr\u00e9n 2016<\/em>\u201d ha ajudat un total de 33 projectes emprenedors amb una subvenci\u00f3 mitjana de 1.212 euros per a cada empresa. Aix\u00ed ho ha explicat el regidor d\u2019Ocupaci\u00f3, H\u00e9ctor D\u00edez, que ha ressaltat que en total l\u2019Ajuntament ha rebut 50 sol\u00b7licituds per a optar a l\u2019ajuda, de les quals 9 han sigut denegades i 8 desistides per falta de documentaci\u00f3.<br \/>\n\u201cEns trobem en un marc on cada volta els j\u00f3vens emprenen m\u00e9s i no solament aix\u00f2, sin\u00f3 que tenen les idees m\u00e9s clares i els processos que presenten estan cada volta m\u00e9s elaborats\u201d, ha ressaltat H\u00e9ctor D\u00edez, que ha afegit que eixe \u00e9s el motiu principal pel qual els pressupostos del 2017 donaran continu\u00eftat al treball que s\u2019est\u00e0 portant a terme des del Consistori per a fomentar l\u2019empreniment.<\/p>\n<p>El perfil mitj\u00e0 de les empreses que han sol\u00b7licitat les subvencions <em>Elx Empr\u00e9n<\/em> \u00e9s per distribuci\u00f3 per sexe del titular en un 52% dones i un 48% h\u00f2mens. Segons la classe d\u2019empresa, el 66% s\u00f3n entitats individuals o aut\u00f2noms i el 34% societats. D\u2019acord amb l\u2019activitat que exercixen, el 36% de les empreses atenen servicis personals; el 20%, a servicis a empreses; el 16% a comer\u00e7; un altre 16%, a hoteleria; i el 12% restant, al sector industrial. Segons paraules del regidor d\u2019Ocupaci\u00f3, la majoria dels sol\u00b7licitants son j\u00f3vens.<br \/>\nAltres dades d\u2019inter\u00e9s \u00e9s que la inversi\u00f3 mitjana que cada empresa necessita \u00e9s de 12.546 euros. \u201cAll\u00f2 que l\u2019Ajuntament d\u00f3na no \u00e9s molt per\u00f2 s\u00ed \u00e9s una ajuda per a impulsar el projecte\u201d, ha explicat H\u00e9ctor D\u00edez, que ha afegit que estes empreses han creat entre 1 a 4 llocs de treball.<br \/>\nEmprenedor del mes<br \/>\nDes de l\u2019Ajuntament tamb\u00e9 es fomenta empreniment gr\u00e0cies als premis \u201c<em>Emprenedor del mes<\/em>\u201d. En el mes de novembre, l\u2019empresa guardonada ha sigit \u201c<em>3DFilaments, S.L<\/em>.\u201d, una iniciativa d\u2019impressi\u00f3 3D que per mitj\u00e0 d\u2019esta tecnologia pret\u00e9n reduir el cost de producci\u00f3 d\u2019empreses relacionades, per exemple, amb el cal\u00e7at.<br \/>\nEl creador de l\u2019entitat, Pablo Valero, ha agra\u00eft el guard\u00f3 a l\u2019Ajuntament i ha indicat que \u00e9s un reconeixement als dos anys que fa (un com a empresa constitu\u00efda) treballant en <em>3DFilaments<\/em>.<\/p>\n<p>&nbsp;<\/p>\n<p>&nbsp;<\/p>\n<p>&nbsp;<\/p>\n","protected":false},"excerpt":{"rendered":"<p>El 66% de les entitats s\u00f3n de car\u00e0cter individual o aut\u00f2noms i el 52% estan dirigides per dones El sector en qu\u00e8 m\u00e9s s\u2019empr\u00e9n \u00e9s el de servicis a persones [&hellip;]<\/p>\n","protected":false},"author":10,"featured_media":10447,"comment_status":"closed","ping_status":"closed","sticky":false,"template":"","format":"standard","meta":{"footnotes":""},"categories":[183],"tags":[],"class_list":["post-10466","post","type-post","status-publish","format-standard","has-post-thumbnail","hentry","category-pomocio-economica"],"_links":{"self":[{"href":"https:\/\/www.elche.es\/va\/wp-json\/wp\/v2\/posts\/10466","targetHints":{"allow":["GET"]}}],"collection":[{"href":"https:\/\/www.elche.es\/va\/wp-json\/wp\/v2\/posts"}],"about":[{"href":"https:\/\/www.elche.es\/va\/wp-json\/wp\/v2\/types\/post"}],"author":[{"embeddable":true,"href":"https:\/\/www.elche.es\/va\/wp-json\/wp\/v2\/users\/10"}],"replies":[{"embeddable":true,"href":"https:\/\/www.elche.es\/va\/wp-json\/wp\/v2\/comments?post=10466"}],"version-history":[{"count":0,"href":"https:\/\/www.elche.es\/va\/wp-json\/wp\/v2\/posts\/10466\/revisions"}],"wp:featuredmedia":[{"embeddable":true,"href":"https:\/\/www.elche.es\/va\/wp-json\/wp\/v2\/media\/10447"}],"wp:attachment":[{"href":"https:\/\/www.elche.es\/va\/wp-json\/wp\/v2\/media?parent=10466"}],"wp:term":[{"taxonomy":"category","embeddable":true,"href":"https:\/\/www.elche.es\/va\/wp-json\/wp\/v2\/categories?post=10466"},{"taxonomy":"post_tag","embeddable":true,"href":"https:\/\/www.elche.es\/va\/wp-json\/wp\/v2\/tags?post=10466"}],"curies":[{"name":"wp","href":"https:\/\/api.w.org\/{rel}","templated":true}]}}