{"id":10580,"date":"2016-12-15T14:05:14","date_gmt":"2016-12-15T13:05:14","guid":{"rendered":"http:\/\/www.elche.es\/va\/2016\/12\/la-conselleria-de-agricultura-y-el-ayuntamiento-constatan-que-el-picudo-rojo-esta-bajo-control\/"},"modified":"2016-12-21T09:06:59","modified_gmt":"2016-12-21T08:06:59","slug":"la-conselleria-de-agricultura-y-el-ayuntamiento-constatan-que-el-picudo-rojo-esta-bajo-control","status":"publish","type":"post","link":"https:\/\/www.elche.es\/va\/2016\/12\/la-conselleria-de-agricultura-y-el-ayuntamiento-constatan-que-el-picudo-rojo-esta-bajo-control\/","title":{"rendered":"La Conselleria d&#8217;Agricultura i l&#8217;Ajuntament constaten que el morrut roig es troba \u201cdavall control\u201d"},"content":{"rendered":"<blockquote><p>Baixa un 50% en dos anys el nombre de captures d\u2019insectes en la xarxa de 5.000 trampes que la Generalitat ha instal\u00b7lat en el municipi<br \/>\nEl director general d\u2019Agricultura vol augmentar el pressupost de la lluita contra l\u2019insecte, que enguany ha sigut de 2.100.000 euros<br \/>\nL\u2019alcalde destaca el canvi d\u2019actitud i d\u2019estrat\u00e8gia i la coordinaci\u00f3 de les administracions p\u00fabliques<br \/>\nEl regidor del Palmerar indica que la plaga ha passat \u201cd\u2019amena\u00e7a a nom\u00e9s preocupaci\u00f3\u201d<\/p><\/blockquote>\n<p>La plaga de morrut roig en el Palmerar d\u2019Elx ja es troba davall control, segons es pos\u00e0 de manifest este mat\u00ed durant una reuni\u00f3 que han mantingut en l\u2019Ajuntament el director general d\u2019Agricultura, Roger Llanes; l\u2019alcalde d\u2019Elx, Carlos Gonz\u00e1lez; el regidor d\u2019Agricultura i Parcs i Jardins, Antonio Garc\u00eda; i el cap de servici de Sanitat Vegetal, Vicente Dalmau.<br \/>\nRoger Llanes mostr\u00e0 la seua satisfacci\u00f3 pels resultats de les accions que s\u2019estan desplegant contra el morrut i assenyal\u00e0 que l\u2019any que ve es pret\u00e9n incrementar la partida pressupost\u00e0ria amb tal fi, que enguany ascend\u00ed a 2.100.000 euros. Aix\u00ed mateix, destac\u00e0 la reducci\u00f3 de fins un 50% en els dos \u00faltims anys en el nombre de captures d\u2019insectes en la xarxa de 5.000 trampes distribu\u00efdes pel municipi d\u2019Elx, cosa que d\u00f3na una idea que la plaga es redu\u00efx considerablement.<br \/>\nEl director general ha destacat la implantaci\u00f3 de programes pioners en el m\u00f3n per a intentar eradicar la plaga, a m\u00e9s d\u2019una vigil\u00e0ncia sistem\u00e0tica i precisa, una major rapidesa per a retirar i destruir les palmeres afectades per l\u2019insecte i l\u2019increment dels tractaments fitosanitaris, aix\u00ed com l\u2019experimentaci\u00f3 de nous m\u00e8todes amb feromones a fi de preservar el Palmerar.<br \/>\nRoger Llanes pos\u00e0 de manifest la seua satisfacci\u00f3 \u201cperqu\u00e8 la coordinaci\u00f3 i les relacions entre administracions han millorat notablement, tant entre els directius com entre els treballadors; eixe millor enteniment ha dut a la implantaci\u00f3 de mesures m\u00e9s efectives\u201d.<br \/>\nEn esta lluita tamb\u00e9 est\u00e0 present la <em>paysandisia archon,<\/em> un lepid\u00f2pters que afecta les palmeres i que \u201cno volem que es convertisca en un problema\u201d, segons manifest\u00e0 Llanes. Els danys que provoca el cuc de la <em>paysandisia archon<\/em> no s\u00f3n tan importants com els del morrut roig per\u00f2 \u201ccal dedicar-li esfor\u00e7os\u201d, tal com assenyal\u00e0 el director general.<br \/>\nCanvi d\u2019estrat\u00e8gia i d\u2019actitud<br \/>\nPer la seua banda, Carlos Gonz\u00e1lez destac\u00e0 que \u201cfa any i mig el Palmerar vivia una situaci\u00f3 extremadament greu. Per\u00f2 hi ha hagut un canvi d\u2019estrat\u00e8gia i d\u2019actitud en la Conselleria i en l\u2019Ajuntament, que s\u2019ha tradu\u00eft en m\u00e9s recursos per a la lluita, m\u00e9s cooperaci\u00f3 i una presa de decisions que ha suposat la implantaci\u00f3 de m\u00e9s mesures\u201d.<br \/>\n\u201cL\u2019anterior Govern preferia camuflar dades i ocultar l\u2019impacte real del morrut en el Palmerar, per\u00f2 nosaltres ens hem pres seriosament el problema i hem buscat la implicaci\u00f3 de la Conselleria\u201d, digu\u00e9 Gonz\u00e1lez, que mostr\u00e0 la seua satisfacci\u00f3 despr\u00e9s d\u2019any i mig de treball \u201cperqu\u00e8 hem passat d\u2019una situaci\u00f3 d\u2019extrema gravetat a tindre el morrut davall control\u201d. No obstant aix\u00f2, Gonz\u00e1lez indica que \u201cno s\u2019ha de baixar la gu\u00e0rdia, hem de seguir esfor\u00e7ant-nos\u201d.<br \/>\nD\u2019amena\u00e7a a nom\u00e9s preocupaci\u00f3<br \/>\nPer a Antonio Garc\u00eda, regidor d\u2019Agricultura, \u201cl\u2019\u00e8xit de la lluita contra el morrut ha sigut la gran coordinaci\u00f3 entre les dos administracions. Tots hem posat de l a nostra part perqu\u00e8 calia detindre la plaga i les dades s\u00f3n molt m\u00e9s positives, cosa que demostra que l\u2019estrat\u00e8gia \u00e9s correcta\u201d. De la mateixa forma que l\u2019alcalde, Garc\u00eda indica que la plaga \u201ces troba davall control, molt localitzada. Sabem com est\u00e0 i que les eines que hem posat en marxa per a combatre-la funcionen\u201d.<br \/>\nEl regidor del Palmerar resumix la situaci\u00f3 dient que el morrut roig ha passat \u201cd\u2019amena\u00e7a a nom\u00e9s preocupaci\u00f3, per\u00f2 a\u00e7\u00f2 \u00e9s el principi\u201d.<\/p>\n","protected":false},"excerpt":{"rendered":"<p>Baixa un 50% en dos anys el nombre de captures d\u2019insectes en la xarxa de 5.000 trampes que la Generalitat ha instal\u00b7lat en el municipi El director general d\u2019Agricultura vol [&hellip;]<\/p>\n","protected":false},"author":10,"featured_media":10459,"comment_status":"closed","ping_status":"closed","sticky":false,"template":"","format":"standard","meta":{"footnotes":""},"categories":[211],"tags":[],"class_list":["post-10580","post","type-post","status-publish","format-standard","has-post-thumbnail","hentry","category-medi-ambient-va"],"_links":{"self":[{"href":"https:\/\/www.elche.es\/va\/wp-json\/wp\/v2\/posts\/10580","targetHints":{"allow":["GET"]}}],"collection":[{"href":"https:\/\/www.elche.es\/va\/wp-json\/wp\/v2\/posts"}],"about":[{"href":"https:\/\/www.elche.es\/va\/wp-json\/wp\/v2\/types\/post"}],"author":[{"embeddable":true,"href":"https:\/\/www.elche.es\/va\/wp-json\/wp\/v2\/users\/10"}],"replies":[{"embeddable":true,"href":"https:\/\/www.elche.es\/va\/wp-json\/wp\/v2\/comments?post=10580"}],"version-history":[{"count":0,"href":"https:\/\/www.elche.es\/va\/wp-json\/wp\/v2\/posts\/10580\/revisions"}],"wp:featuredmedia":[{"embeddable":true,"href":"https:\/\/www.elche.es\/va\/wp-json\/wp\/v2\/media\/10459"}],"wp:attachment":[{"href":"https:\/\/www.elche.es\/va\/wp-json\/wp\/v2\/media?parent=10580"}],"wp:term":[{"taxonomy":"category","embeddable":true,"href":"https:\/\/www.elche.es\/va\/wp-json\/wp\/v2\/categories?post=10580"},{"taxonomy":"post_tag","embeddable":true,"href":"https:\/\/www.elche.es\/va\/wp-json\/wp\/v2\/tags?post=10580"}],"curies":[{"name":"wp","href":"https:\/\/api.w.org\/{rel}","templated":true}]}}