{"id":10615,"date":"2016-12-16T12:24:08","date_gmt":"2016-12-16T11:24:08","guid":{"rendered":"http:\/\/www.elche.es\/va\/2016\/12\/murales-que-hacen-barrio\/"},"modified":"2016-12-21T09:50:05","modified_gmt":"2016-12-21T08:50:05","slug":"murales-que-hacen-barrio","status":"publish","type":"post","link":"https:\/\/www.elche.es\/va\/2016\/12\/murales-que-hacen-barrio\/","title":{"rendered":"Murals que fan barri"},"content":{"rendered":"<blockquote><p>Artistes il\u00b7licitans han pintat murals \u201cd\u2019actiu en salut\u201d en el parc Francesc Cant\u00f3 i en el jard\u00ed Salvador Allende<\/p><\/blockquote>\n<p>El parc Francesc Cant\u00f3 i el jard\u00ed Salvador Allende s\u2019unixen a la proposta de l\u2019Ajuntament d\u2019Elx de fer murals d\u2019actiu en salut en els barris de la ciutat a trav\u00e9s de la t\u00e8cnica \u201c<em>mapping party<\/em>\u201d. De l\u201911 al 14 de desembre, artistes il\u00b7licitans han pintat estes zones.<br \/>\nAl llarg de l\u2019any s\u2019han efectuat a Carr\u00fas, el Toscar i el Pla-Sector Quint diverses mapificacions d\u2019actius en salut a trav\u00e9s d\u2019esta t\u00e8cnica, una activitat en la qual m\u00e9s de 400 persones han recorregut estos barris buscant-ne els elements positius, aquells que els permeten viure amb millor qualitat de vida, amb m\u00e9s salut i major benestar.<br \/>\nAmb l\u2019objectiu de posar en valor el treball de col\u00b7laboraci\u00f3 realitzat, aix\u00ed com la dimensi\u00f3 col\u00b7lectiva de la salut, l\u2019Ajuntament ha considerat d\u2019inter\u00e9s l\u2019elaboraci\u00f3 d\u2019estos murals a manera de recordatori de l\u2019experi\u00e8ncia, segons paraules de la regidora de Benestar Social, Tere Maci\u00e0.<br \/>\nLes mapificacions d\u2019actius en salut, impulsats pel Servici de Dinamitzaci\u00f3 Comunit\u00e0ria de la Regidoria de Benestar Social amb la col\u00b7laboraci\u00f3 de m\u00e9s d\u2019una trentena d\u2019entitats socials, sanit\u00e0ries i ciutadanes, han perm\u00e9s obtindre una informaci\u00f3 valuosa tant per a estudiar la distribuci\u00f3 de recursos per sectors i zones, com per a identificar possibilitats d\u2019intervenci\u00f3 de cara a desplegar accions de millora.<\/p>\n","protected":false},"excerpt":{"rendered":"<p>Artistes il\u00b7licitans han pintat murals \u201cd\u2019actiu en salut\u201d en el parc Francesc Cant\u00f3 i en el jard\u00ed Salvador Allende El parc Francesc Cant\u00f3 i el jard\u00ed Salvador Allende s\u2019unixen a [&hellip;]<\/p>\n","protected":false},"author":10,"featured_media":10596,"comment_status":"closed","ping_status":"closed","sticky":false,"template":"","format":"standard","meta":{"footnotes":""},"categories":[190],"tags":[],"class_list":["post-10615","post","type-post","status-publish","format-standard","has-post-thumbnail","hentry","category-drets-socials"],"_links":{"self":[{"href":"https:\/\/www.elche.es\/va\/wp-json\/wp\/v2\/posts\/10615","targetHints":{"allow":["GET"]}}],"collection":[{"href":"https:\/\/www.elche.es\/va\/wp-json\/wp\/v2\/posts"}],"about":[{"href":"https:\/\/www.elche.es\/va\/wp-json\/wp\/v2\/types\/post"}],"author":[{"embeddable":true,"href":"https:\/\/www.elche.es\/va\/wp-json\/wp\/v2\/users\/10"}],"replies":[{"embeddable":true,"href":"https:\/\/www.elche.es\/va\/wp-json\/wp\/v2\/comments?post=10615"}],"version-history":[{"count":0,"href":"https:\/\/www.elche.es\/va\/wp-json\/wp\/v2\/posts\/10615\/revisions"}],"wp:featuredmedia":[{"embeddable":true,"href":"https:\/\/www.elche.es\/va\/wp-json\/wp\/v2\/media\/10596"}],"wp:attachment":[{"href":"https:\/\/www.elche.es\/va\/wp-json\/wp\/v2\/media?parent=10615"}],"wp:term":[{"taxonomy":"category","embeddable":true,"href":"https:\/\/www.elche.es\/va\/wp-json\/wp\/v2\/categories?post=10615"},{"taxonomy":"post_tag","embeddable":true,"href":"https:\/\/www.elche.es\/va\/wp-json\/wp\/v2\/tags?post=10615"}],"curies":[{"name":"wp","href":"https:\/\/api.w.org\/{rel}","templated":true}]}}