{"id":106172,"date":"2020-01-02T09:49:55","date_gmt":"2020-01-02T08:49:55","guid":{"rendered":"http:\/\/www.elche.es\/va\/?p=106172"},"modified":"2020-01-02T09:58:34","modified_gmt":"2020-01-02T08:58:34","slug":"gener-la-mala-salut-de-la-caserna-vella","status":"publish","type":"post","link":"https:\/\/www.elche.es\/va\/2020\/01\/gener-la-mala-salut-de-la-caserna-vella\/","title":{"rendered":"GENER: LA MALA SALUT DE LA CASERNA VELLA"},"content":{"rendered":"<div class=\"wpb-content-wrapper\"><p>[vc_row][vc_column]\r\n        <p>\r\n        <span class=\"enlaces-titulo\"> AHME, sig. 91-8 <\/span> <span><a class=\"enlaces-link\" target='_blank'href=\"https:\/\/www.elche.es\/wp-content\/uploads\/2019\/12\/91-8.pdf \">Veure enlla\u00e7<\/a><\/span>\r\n        <br>\r\n        <span class=\"enlaces-descripcion\"><\/span>\r\n        <\/p>\r\n        <hr class=\"enlaces-separador\">\r\n        [vc_column_text]<\/p>\n<p style=\"text-align: justify;\"><a href=\"https:\/\/www.elche.es\/wp-content\/uploads\/2019\/11\/H105-36-portada-1.jpg\"><img loading=\"lazy\" decoding=\"async\" class=\"alignleft size-medium wp-image-104395\" src=\"https:\/\/www.elche.es\/wp-content\/uploads\/2019\/12\/91-8-001m-206x300.jpg\" alt=\"H105-36 portada\" width=\"205\" height=\"300\" \/><\/a>En la d\u00e8cada dels 60 del segle XX es va derrocar l&#8217;antiga caserna de cavalleria a causa del seu estat ru\u00efn\u00f3s. En el seu lloc van ser edificats habitatges i pel color d&#8217;aquests nous edificis que es van al\u00e7ar s\u00f3n coneguts com els &#8220;Pisos Blaus&#8221;.<\/p>\n<p style=\"text-align: justify;\">Aquest edifici, que en el seu moment degu\u00e9 tindre una pres\u00e8ncia molt contundent, va comen\u00e7ar a construir-se en 1757 i podia donar alberg a m\u00e9s de 100 soldats. La seua deterioraci\u00f3 degu\u00e9 comen\u00e7ar quan va abandonar la seua funci\u00f3 original per a la qual va ser constru\u00eft i va servir per a donar allotjament a fam\u00edlies molt humils. Fins que va ser derru\u00eft aquest edifici, va patir un proc\u00e9s lent de degradaci\u00f3. El document que mostrem va poder significar el principi de la fi: quan es pensa en un eixample per a la ciutat i aquest edifici no complia amb les normes higienicosanit\u00e0ries que s&#8217;havien establit feia uns anys.<\/p>\n<p style=\"text-align: justify;\">El 20 de maig de 1931, Juan Brufal Miralles, tinent d&#8217;alcalde i president de la Comissi\u00f3 de Benefic\u00e8ncia i Sanitat, va denunciar en el Ple ordinari de l&#8217;Ajuntament l&#8217;estat insalubre en qu\u00e8 es trobava l&#8217;edifici de la Caserna manifestant que: &#8220;en la seua quasi totalitat es troba arrendat per a habitatge sent els locals tan immunds que \u00e9s incre\u00efble que hi puguen habitar \u00e9ssers humans&#8221;. Per\u00f2 s\u00ed que en vivien. Hi havia setanta-tres habitatges ocupats. El Ple va acordar per unanimitat que el subdelegat de Medicina d&#8217;Elx, el metge Manuel Pascual Urb\u00e1n, fera una visita d&#8217;inspecci\u00f3 a aquest edifici per si fora necessari declarar inhabitable l&#8217;edifici i perqu\u00e8 s&#8217;adoptaren les mesures necess\u00e0ries, ja que en el cas de considerar-se en ru\u00efna quedarien nombroses fam\u00edlies al carrer. L&#8217;expedient que es va generar a partir de la decisi\u00f3 del Ple i conseg\u00fcent informe del subdelegat de Medicina \u00e9s el document que hem triat com a document del mes i porta per t\u00edtol &#8220;Sobre el mal estat sanitari de la Caserna&#8221;<a href=\"https:\/\/www.elche.es\/wp-admin\/post-new.php?lang=va&amp;post_type=post&amp;trid=28043&amp;source_lang=es#_ftn1\" name=\"_ftnref1\">[1]<\/a>.<\/p>\n<p style=\"text-align: justify;\">L&#8217;informe comen\u00e7a descrivint la caserna: constava de quatre cossos o pavellons formats per planta baixa i pis principal de forma quadrangular. Cadascuna de les seues fa\u00e7anes estava orientada a un dels quatre punts cardinals, amb una longitud d&#8217;est a oest de 83 metres i de nord a sud de 93 metres, i era la fa\u00e7ana principal la que mirava al sud. Cada cos de l&#8217;edifici tenia una altura de fa\u00e7ana de 10 metres i de fons 14 metres. A l&#8217;interior quedava un ampli pati de 69 per 79 metres en el qual havia instal\u00b7lat una xicoteta pla\u00e7a de bous, tamb\u00e9 hi havia un trinquet que s&#8217;usava de cantina i front\u00f3.<\/p>\n<p style=\"text-align: justify;\">Segons l&#8217;informe del subdelegat de Medicina hi havia un total de 37 habitacions dedicades a habitatge en el pis baix i 36 en el pis principal, a m\u00e9s de 12 locals destinats a magatzems. El problema de la deficient salubritat era causat per l&#8217;escassa ventilaci\u00f3 directa dels habitacles, pels excusats i pels pous cecs, juntament amb els espais destinats a corrals que estaven en males condicions de neteja. Alguns habitatges no tenien ni cuina ni excusat, i abundava m\u00e9s la falta d&#8217;aquest \u00faltim. La Comissi\u00f3 de Benefic\u00e8ncia i Sanitat va qualificar l&#8217;informe del subdelegat de Medicina de &#8220;concloent i categ\u00f2ric&#8221; i proposava la tramitaci\u00f3 d&#8217;un expedient en judici contradictori.<\/p>\n<p style=\"text-align: justify;\">L&#8217;edifici de la Caserna es trobava incl\u00f2s en la zona del pla de l&#8217;eixample i, per tant, l&#8217;informe est\u00e0 basat en la Reial orde de 9 d&#8217;agost de 1923 sobre &#8220;Condicions higi\u00e8niques dels habitatges i prescripcions tecnicosanit\u00e0ries per a eixample i reforma interior de les poblacions&#8221; i la rectificaci\u00f3 posterior publicada en la <em>Gaceta<\/em> de Madrid el 9 de mar\u00e7 de 1924. Tenint en compte el que s&#8217;expressa en aquestes prescripcions, nom\u00e9s dos habitatges reunien les condicions higi\u00e8niques m\u00ednimes, \u00e9s a dir, van obtindre la qualificaci\u00f3 &#8220;A&#8221;. Un bon nombre dels habitatges van obtindre la qualificaci\u00f3 &#8220;B&#8221;, que es referia a les que podrien millorar la seua condici\u00f3 mitjan\u00e7ant la realitzaci\u00f3 d&#8217;obres. Per\u00f2 va haver-hi un altre nombre d&#8217;habitatges, especialment les del pavell\u00f3 situat al nord, que estava derru\u00eft i en el qual nom\u00e9s quedaven en \u00fas 5 habitatges, que van ser qualificats amb la lletra &#8220;C&#8221; referida a les que exigiren reformes d&#8217;import\u00e0ncia per a aconseguir la qualificaci\u00f3 m\u00ednima de condicions higi\u00e8niques o b\u00e9 directament la seua demolici\u00f3. L&#8217;informe fa refer\u00e8ncia, a m\u00e9s, a l&#8217;aspecte general de falta de neteja i higiene de tota la Caserna.<\/p>\n<p style=\"text-align: justify;\">Com la majoria d&#8217;habitatges requerien reformes, es va realitzar un nou informe pel t\u00e8cnic d&#8217;obres de l&#8217;Ajuntament per a estudiar les diferents circumst\u00e0ncies de reparaci\u00f3 \u2014si fora possible\u2014 de cadascun dels habitatges i si era necessari el seu desallotjament mentre duraren les obres i el temps que durarien. L&#8217;Ajuntament tenia potestat per a exigir al propietari que realitzara les reparacions pertinents sense demora, per\u00f2 si les fam\u00edlies necessitaven traslladar-se d&#8217;all\u00ed mentre duraven les obres, aix\u00f2 suposava un altre problema a resoldre. L&#8217;inter\u00e9s \u00faltim era saber si podien o no podien higienitzar-se i com, ja que alguns habitatges no tenien si m\u00e9s no els metres m\u00ednims requerits llevat que s&#8217;uniren diverses d&#8217;aquestes i ampliaren la seua superf\u00edcie.<\/p>\n<p style=\"text-align: justify;\">Finalment, a causa de la dificultat de realitzaci\u00f3 d&#8217;aquestes obres, l&#8217;Ajuntament Ple va acordar per unanimitat que es continuara expedient en judici contradictori, amb audi\u00e8ncia de propietaris i inquilins. La comunicaci\u00f3 del procediment a tots els interessats va posar fi a aquest expedient, per\u00f2 no va significar la fi de la mala salut de l&#8217;edifici. Van haver de passar alguns anys m\u00e9s fins que en 1959 comen\u00e7ara l&#8217;expedient contradictori de ru\u00efna.<\/p>\n<p style=\"text-align: justify;\">Ens crida poderosament l&#8217;atenci\u00f3 que un edifici de tanta capacitat i pres\u00e8ncia a la nostra ciutat haja sigut escassament objecte d&#8217;investigaci\u00f3. Necessitem que es conega la seua hist\u00f2ria i la incid\u00e8ncia que va tindre a la nostra ciutat durant els dos segles d&#8217;exist\u00e8ncia.<\/p>\n<p style=\"text-align: justify;\"><a href=\"https:\/\/www.elche.es\/wp-admin\/post-new.php?lang=va&amp;post_type=post&amp;trid=28043&amp;source_lang=es#_ftnref1\" name=\"_ftn1\">[1]<\/a> AHME. 1931-1932. Expedient sobre el mal estat sanitari delacaserna. Sign.: 91, n\u00fam. 8.[\/vc_column_text][\/vc_column][\/vc_row][vc_row][vc_column][\/vc_column][\/vc_row]<\/p>\n<\/div>","protected":false},"excerpt":{"rendered":"<p>[vc_row][vc_column][vc_column_text] En la d\u00e8cada dels 60 del segle XX es va derrocar l&#8217;antiga caserna de cavalleria a causa del seu estat ru\u00efn\u00f3s. En el seu lloc van ser edificats habitatges [&hellip;]<\/p>\n","protected":false},"author":131,"featured_media":17888,"comment_status":"closed","ping_status":"closed","sticky":false,"template":"","format":"standard","meta":{"footnotes":""},"categories":[192,193],"tags":[450,406],"class_list":["post-106172","post","type-post","status-publish","format-standard","has-post-thumbnail","hentry","category-arxiu","category-cultura-va","tag-ahme-va","tag-elche-va"],"_links":{"self":[{"href":"https:\/\/www.elche.es\/va\/wp-json\/wp\/v2\/posts\/106172","targetHints":{"allow":["GET"]}}],"collection":[{"href":"https:\/\/www.elche.es\/va\/wp-json\/wp\/v2\/posts"}],"about":[{"href":"https:\/\/www.elche.es\/va\/wp-json\/wp\/v2\/types\/post"}],"author":[{"embeddable":true,"href":"https:\/\/www.elche.es\/va\/wp-json\/wp\/v2\/users\/131"}],"replies":[{"embeddable":true,"href":"https:\/\/www.elche.es\/va\/wp-json\/wp\/v2\/comments?post=106172"}],"version-history":[{"count":0,"href":"https:\/\/www.elche.es\/va\/wp-json\/wp\/v2\/posts\/106172\/revisions"}],"wp:featuredmedia":[{"embeddable":true,"href":"https:\/\/www.elche.es\/va\/wp-json\/wp\/v2\/media\/17888"}],"wp:attachment":[{"href":"https:\/\/www.elche.es\/va\/wp-json\/wp\/v2\/media?parent=106172"}],"wp:term":[{"taxonomy":"category","embeddable":true,"href":"https:\/\/www.elche.es\/va\/wp-json\/wp\/v2\/categories?post=106172"},{"taxonomy":"post_tag","embeddable":true,"href":"https:\/\/www.elche.es\/va\/wp-json\/wp\/v2\/tags?post=106172"}],"curies":[{"name":"wp","href":"https:\/\/api.w.org\/{rel}","templated":true}]}}