{"id":10625,"date":"2016-12-16T13:01:53","date_gmt":"2016-12-16T12:01:53","guid":{"rendered":"http:\/\/www.elche.es\/va\/2016\/12\/la-iii-fase-del-colector-del-carrus-acabara-en-febrero\/"},"modified":"2016-12-21T09:50:44","modified_gmt":"2016-12-21T08:50:44","slug":"la-iii-fase-del-colector-del-carrus-acabara-en-febrero","status":"publish","type":"post","link":"https:\/\/www.elche.es\/va\/2016\/12\/la-iii-fase-del-colector-del-carrus-acabara-en-febrero\/","title":{"rendered":"La III fase del col\u00b7lector de Carr\u00fas acabar\u00e0 en el mes de febrer"},"content":{"rendered":"<blockquote><p>L\u2019alcalde i els regidors d\u2019Aig\u00fces i de Promoci\u00f3 Econ\u00f2mica visiten les obres amb responsables d\u2019Aig\u00fces d\u2019Elx<br \/>\nLa capacitat d\u2019evacuaci\u00f3 d\u2019este tram \u00e9s de 7.000 litres d\u2019aigua per segon i el seu pressupost ascendix a 740.198 euros<\/p><\/blockquote>\n<p>La III fase del col\u00b7lector de Carr\u00fas est\u00e0 en plena execuci\u00f3 i el seu acabament es preveu per al pr\u00f2xim mes de febrer, segons es pos\u00e0 de manifest este mat\u00ed durant una visita de l\u2019alcalde, Carlos Gonz\u00e1lez, i els regidors d\u2019Aig\u00fces, Antonio Garc\u00eda, i de Promoci\u00f3 Econ\u00f2mica, H\u00e9ctor D\u00edez, a les obres, en companyia de responsables d\u2019Aig\u00fces d\u2019Elx.<br \/>\nEls treballs s\u2019iniciaren el passat 10 d\u2019octubre i es realitzen en el carrer Pedro Moreno Sastre, des de Jos\u00e9 Navarro Orts fins a Antonio Brotons Pastor, i per este carrer, des de l\u2019avinguda de Novelda fins a Jos\u00e9 D\u00edez Mora, desembocant lateralment en el tram II.<br \/>\nEl pressupost d\u2019esta fase \u00e9s de 740.198 euros i durant el seu desenrotllament es renovaran m\u00e9s de 400 metres de conduccions de prove\u00efment d\u2019aigua, les voravies i l\u2019asfaltatge dels carrers. Este tram t\u00e9 una capacitat d\u2019evacuaci\u00f3 d\u2019uns 7.000 litres d\u2019aigua per segon.<br \/>\n\u201cEstem satisfets amb el rendiment que est\u00e0 donant l\u2019obra i tamb\u00e9 amb l\u2019evoluci\u00f3 que est\u00e0 seguint la construcci\u00f3 d\u2019este tercer tram, l\u2019acabament del qual, al febrer, permetr\u00e0 abordar el tram IV\u201d, assenyal\u00e0 l\u2019alcalde durant la visita.<br \/>\nLa inversi\u00f3 total de les quatre fases del projecte ascendix a uns cinc milions d\u2019euros. \u201cLa inversi\u00f3 suposa una obra de gran envergadura que hem anat executant per fases a fi d\u2019evitar trastorns en la mesura d\u2019all\u00f2 possible\u201d, precis\u00e0 l\u2019alcalde.<br \/>\nResponsables d\u2019Aig\u00fces d\u2019Elx indicaren que les \u00faltimes pluges han perm\u00e9s comprovar el correcte funcionament dels trams del col\u00b7lector que ja s\u2019han executat. La fase I acab\u00e0 d\u2019executar-se el passat mes de maig i la fase II, al setembre. Pel que respecta a l\u2019\u00faltim tram, el IV, s\u2019iniciar\u00e0 a principi del pr\u00f2xim any i consistir\u00e0 en l\u2019augment de captacions i del di\u00e0metre dels col\u00b7lectors en els carrers de Mon\u00f2ver, Saix i Ronda de la Vall d\u2019Uix\u00f3 en la substituci\u00f3 del col\u00b7lector del carrer Enrique Tierno Galv\u00e1n. El termini d\u2019execuci\u00f3 \u00e9s d\u2019uns tres mesos.<\/p>\n","protected":false},"excerpt":{"rendered":"<p>L\u2019alcalde i els regidors d\u2019Aig\u00fces i de Promoci\u00f3 Econ\u00f2mica visiten les obres amb responsables d\u2019Aig\u00fces d\u2019Elx La capacitat d\u2019evacuaci\u00f3 d\u2019este tram \u00e9s de 7.000 litres d\u2019aigua per segon i el [&hellip;]<\/p>\n","protected":false},"author":10,"featured_media":10611,"comment_status":"closed","ping_status":"closed","sticky":false,"template":"","format":"standard","meta":{"footnotes":""},"categories":[161,211,183],"tags":[],"class_list":["post-10625","post","type-post","status-publish","format-standard","has-post-thumbnail","hentry","category-ajuntament","category-medi-ambient-va","category-pomocio-economica"],"_links":{"self":[{"href":"https:\/\/www.elche.es\/va\/wp-json\/wp\/v2\/posts\/10625","targetHints":{"allow":["GET"]}}],"collection":[{"href":"https:\/\/www.elche.es\/va\/wp-json\/wp\/v2\/posts"}],"about":[{"href":"https:\/\/www.elche.es\/va\/wp-json\/wp\/v2\/types\/post"}],"author":[{"embeddable":true,"href":"https:\/\/www.elche.es\/va\/wp-json\/wp\/v2\/users\/10"}],"replies":[{"embeddable":true,"href":"https:\/\/www.elche.es\/va\/wp-json\/wp\/v2\/comments?post=10625"}],"version-history":[{"count":0,"href":"https:\/\/www.elche.es\/va\/wp-json\/wp\/v2\/posts\/10625\/revisions"}],"wp:featuredmedia":[{"embeddable":true,"href":"https:\/\/www.elche.es\/va\/wp-json\/wp\/v2\/media\/10611"}],"wp:attachment":[{"href":"https:\/\/www.elche.es\/va\/wp-json\/wp\/v2\/media?parent=10625"}],"wp:term":[{"taxonomy":"category","embeddable":true,"href":"https:\/\/www.elche.es\/va\/wp-json\/wp\/v2\/categories?post=10625"},{"taxonomy":"post_tag","embeddable":true,"href":"https:\/\/www.elche.es\/va\/wp-json\/wp\/v2\/tags?post=10625"}],"curies":[{"name":"wp","href":"https:\/\/api.w.org\/{rel}","templated":true}]}}