{"id":10650,"date":"2016-12-16T14:35:06","date_gmt":"2016-12-16T13:35:06","guid":{"rendered":"http:\/\/www.elche.es\/va\/2016\/12\/el-ayuntamiento-suspende-sus-actividades-ludicas-y-deportivas-en-via-publica-ante-el-riesgo-de-temporal\/"},"modified":"2016-12-21T09:56:37","modified_gmt":"2016-12-21T08:56:37","slug":"el-ayuntamiento-suspende-sus-actividades-ludicas-y-deportivas-en-via-publica-ante-el-riesgo-de-temporal","status":"publish","type":"post","link":"https:\/\/www.elche.es\/va\/2016\/12\/el-ayuntamiento-suspende-sus-actividades-ludicas-y-deportivas-en-via-publica-ante-el-riesgo-de-temporal\/","title":{"rendered":"L&#8217;Ajuntament susp\u00e9n les seues activitats l\u00fadiques i esportives en la via p\u00fablica davant del risc de temporal"},"content":{"rendered":"<blockquote><p>Totes les activitats esportives que depenen de l\u2019Ajuntament i les respectives federacions esportives que es realitzen l\u2019aire lliure queden suspeses<br \/>\nEls parcs i horts de palmeres es tancaran al p\u00fablic si les ratxes de vent s\u00f3n fortes<br \/>\nEl dispositiu de prevenci\u00f3 format per la Policia, Protecci\u00f3 Civil , Bombers i DYA ja s\u2019ha activat<\/p><\/blockquote>\n<p>El regidor de Seguretat Ciutadana, Jos\u00e9 P\u00e9rez, i el coordinador d\u2019Emerg\u00e8ncies, Jes\u00fas Andreu, han anunciat hui que l\u2019Ajuntament ha decidit suspendre totes les seues activitats l\u00fadiques i esportives en la via p\u00fablica i instal\u00b7lacions esportives a l\u2019aire lliure davant del risc de temporal de pluja i vent.<br \/>\nJos\u00e9 P\u00e9rez ha anunciat que ja s\u2019ha establit el dispositiu de prevenci\u00f3 d\u2019emerg\u00e8ncies del qual formen part la Policia Local, Bombers, DYA i Protecci\u00f3 Civil i que se mantindr\u00e0 des de hui fins el pr\u00f2xim dilluns.<br \/>\n\u201cNo volem alarmar la ciutadania, perqu\u00e8 ho hi ha motiu per a tal alarma, per\u00f2 s\u00ed prendre les mesures preventives necess\u00e0ries davant de la possible arribada d\u2019un temporal de pluja i vent des de hui fins dilluns\u201d, ha explicat Jos\u00e9 P\u00e9rez.<br \/>\nEl regidor ha indicat que si es produ\u00efxen fortes ratxes de vent es procedir\u00e0 al tancament els horts de palmeres i es restringiran al m\u00e0xim les activitats l\u00fadiques en la via p\u00fablica.<br \/>\n\u201cRecomanem a la ciutadania que en previsi\u00f3 de forts vents que es recullen els tendals i es retiren las plantes dels balcons per tal d\u2019evitar que puguen caure en la via p\u00fablica. Si s\u2019ha de viatjar recomanem que s\u2019extreme la precauci\u00f3 en la carretera, evitar transitar per barrancs i usar el transport p\u00fablic\u201d, ha dit el regidor que recorda a la ciutadania que davant de qualsevol incid\u00e8ncia cal marcar el n\u00famero d\u2019emerg\u00e8ncies 112.<br \/>\nPer la seua part, Jes\u00fas Andreu ha assenyalat que des d\u2019Emerg\u00e8ncies s\u2019ha recomanat a tots els departaments municipals, com a mesura preventiva, que aquelles que organitze l\u2019Ajuntament en la via p\u00fablica siguen suspeses.<br \/>\nSUSPENSI\u00d3 DE LES ACTIVITATS ESPORTIVES<br \/>\nSeguint instruccions del departament d\u2019Emerg\u00e8ncies de l\u2019Ajuntament d\u2019Elx, i en previsi\u00f3 del risc meteorol\u00f2gic existent que determina l\u2019alerta taronja en la nostra zona, totes les activitats esportives dependents de l\u2019Ajuntament i les respectives federacions esportives que es fan a l\u2019aire lliure, queden suspeses per a hui i per a dem\u00e0 dissabte.<br \/>\nPer a les previstes este diumenge dependran de l\u2019evoluci\u00f3 meteorol\u00f2gica i dels informes del servici d\u2019emerg\u00e8ncies, per tant, les activitats per a este dia 18 de desembre no queden suspeses en principio, excepte informe negatiu del servici d\u2019emerg\u00e8ncies.<\/p>\n","protected":false},"excerpt":{"rendered":"<p>Totes les activitats esportives que depenen de l\u2019Ajuntament i les respectives federacions esportives que es realitzen l\u2019aire lliure queden suspeses Els parcs i horts de palmeres es tancaran al p\u00fablic [&hellip;]<\/p>\n","protected":false},"author":131,"featured_media":10645,"comment_status":"closed","ping_status":"closed","sticky":false,"template":"","format":"standard","meta":{"footnotes":""},"categories":[187],"tags":[406,663,664],"class_list":["post-10650","post","type-post","status-publish","format-standard","has-post-thumbnail","hentry","category-esports","tag-elche-va","tag-emergencias-va","tag-lluvia-va"],"_links":{"self":[{"href":"https:\/\/www.elche.es\/va\/wp-json\/wp\/v2\/posts\/10650","targetHints":{"allow":["GET"]}}],"collection":[{"href":"https:\/\/www.elche.es\/va\/wp-json\/wp\/v2\/posts"}],"about":[{"href":"https:\/\/www.elche.es\/va\/wp-json\/wp\/v2\/types\/post"}],"author":[{"embeddable":true,"href":"https:\/\/www.elche.es\/va\/wp-json\/wp\/v2\/users\/131"}],"replies":[{"embeddable":true,"href":"https:\/\/www.elche.es\/va\/wp-json\/wp\/v2\/comments?post=10650"}],"version-history":[{"count":0,"href":"https:\/\/www.elche.es\/va\/wp-json\/wp\/v2\/posts\/10650\/revisions"}],"wp:featuredmedia":[{"embeddable":true,"href":"https:\/\/www.elche.es\/va\/wp-json\/wp\/v2\/media\/10645"}],"wp:attachment":[{"href":"https:\/\/www.elche.es\/va\/wp-json\/wp\/v2\/media?parent=10650"}],"wp:term":[{"taxonomy":"category","embeddable":true,"href":"https:\/\/www.elche.es\/va\/wp-json\/wp\/v2\/categories?post=10650"},{"taxonomy":"post_tag","embeddable":true,"href":"https:\/\/www.elche.es\/va\/wp-json\/wp\/v2\/tags?post=10650"}],"curies":[{"name":"wp","href":"https:\/\/api.w.org\/{rel}","templated":true}]}}