{"id":106805,"date":"2020-01-10T14:36:45","date_gmt":"2020-01-10T13:36:45","guid":{"rendered":"http:\/\/www.elche.es\/va\/?p=106805"},"modified":"2020-01-10T14:36:45","modified_gmt":"2020-01-10T13:36:45","slug":"lajuntament-ja-te-en-fase-de-licitacio-12-dels-39-projectes-dinversions-financerament-sostenibles-dotats-amb-175-milions","status":"publish","type":"post","link":"https:\/\/www.elche.es\/va\/2020\/01\/lajuntament-ja-te-en-fase-de-licitacio-12-dels-39-projectes-dinversions-financerament-sostenibles-dotats-amb-175-milions\/","title":{"rendered":"L&#8217;Ajuntament ja t\u00e9 en fase de licitaci\u00f3 12 dels 39 projectes d&#8217;Inversions Financerament Sostenibles dotats amb 17,5 milions"},"content":{"rendered":"<blockquote><p>El regidor de Contractaci\u00f3, H\u00e9ctor D\u00edez, recorda que el seu departament s&#8217;ha refor\u00e7at per a agilitar la tramitaci\u00f3 d&#8217;aquestes actuacions que suposen una important injecci\u00f3 econ\u00f2mica per a la ciutat i les seues empreses<\/p><\/blockquote>\n<p>El portaveu de l&#8217;Equip de Govern de l&#8217;Ajuntament d&#8217;Elx, H\u00e9ctor D\u00edez, ha informat que des del departament de Contractaci\u00f3 s&#8217;est\u00e0 treballant \u201ca tota m\u00e0quina\u201d en la tramitaci\u00f3 dels projectes d&#8217;inversions financerament sostenibles (IFS).<br \/>\nUn departament que, tal com ha recordat el regidor, ha refor\u00e7at la seua plantilla amb la finalitat d&#8217;accelerar al m\u00e0xim els treballs per a licitar els 17,5 milions d&#8217;euros corresponents als projectes de les IFS.<\/p>\n<p>\u201cDels 39 projectes aprovats abans del 31 de desembre de 2019, ja tenim dotze en fase de licitaci\u00f3, ja es poden presentar les empreses\u201d, ha indicat D\u00edez qui ha afegit que \u201cl&#8217;Equip de Govern considera que aquests 17,5 milions d&#8217;euros s\u00f3n una injecci\u00f3 econ\u00f2mica per al municipi molt important i que afavoriran el dinamisme econ\u00f2mic al municipi i refor\u00e7aran les nostres empreses en el marc de la realitzaci\u00f3 de tots aquests projectes que impliquen importants obres en instal\u00b7lacions municipals, en la via p\u00fablica, en centres educatius o en centres socials\u201d.<\/p>\n<p>Dels dotze projectes que hi ha en fase de licitaci\u00f3, D\u00edez ha citat quatre com s\u00f3n: la reforma del poliesportiu d&#8217;Altabix, que compta amb un pressupost de 1,5 milions d&#8217;euros i per al qual les empreses es podran presentar fins al 29 de gener. El regidor ha afegit que \u201cfins al 21 de gener es podran presentar tamb\u00e9 les empreses que opten a la renovaci\u00f3 de voreres en barris i pedanies per valor de dos milions d&#8217;euros. Fins al 17 de gener es poden presentar les que opten a la renovaci\u00f3 de la pista central del pavell\u00f3 Esperanza Lag per 160.000 euros i, finalment, fins al 17 de gener es poden presentar aquelles que opten al subministrament de columnes de poli\u00e8ster refor\u00e7at per a fanals en la via p\u00fablica per valor de 110.000 euros\u201d.<\/p>\n<p>\u201cEl prop\u00f2sit del departament de Contractaci\u00f3 \u00e9s anar, al llarg del mes de gener, pujant tots els projectes a la Plataforma de Contractaci\u00f3 i que les empreses es puguen presentar\u201d, ha indicat D\u00edez, qui ha aclarit que \u201cl&#8217;Ajuntament d&#8217;Elx, en aquest aspecte, est\u00e0 al cent per cent incorporat a l&#8217;administraci\u00f3 electr\u00f2nica i totes les licitacions s\u00f3n electr\u00f2niques a trav\u00e9s de la Plataforma de Contractes de l&#8217;Estat\u201d.<\/p>\n","protected":false},"excerpt":{"rendered":"<p>El regidor de Contractaci\u00f3, H\u00e9ctor D\u00edez, recorda que el seu departament s&#8217;ha refor\u00e7at per a agilitar la tramitaci\u00f3 d&#8217;aquestes actuacions que suposen una important injecci\u00f3 econ\u00f2mica per a la ciutat [&hellip;]<\/p>\n","protected":false},"author":15,"featured_media":83376,"comment_status":"closed","ping_status":"closed","sticky":false,"template":"","format":"standard","meta":{"footnotes":""},"categories":[1677],"tags":[],"class_list":["post-106805","post","type-post","status-publish","format-standard","has-post-thumbnail","hentry","category-contractacio"],"_links":{"self":[{"href":"https:\/\/www.elche.es\/va\/wp-json\/wp\/v2\/posts\/106805","targetHints":{"allow":["GET"]}}],"collection":[{"href":"https:\/\/www.elche.es\/va\/wp-json\/wp\/v2\/posts"}],"about":[{"href":"https:\/\/www.elche.es\/va\/wp-json\/wp\/v2\/types\/post"}],"author":[{"embeddable":true,"href":"https:\/\/www.elche.es\/va\/wp-json\/wp\/v2\/users\/15"}],"replies":[{"embeddable":true,"href":"https:\/\/www.elche.es\/va\/wp-json\/wp\/v2\/comments?post=106805"}],"version-history":[{"count":0,"href":"https:\/\/www.elche.es\/va\/wp-json\/wp\/v2\/posts\/106805\/revisions"}],"wp:featuredmedia":[{"embeddable":true,"href":"https:\/\/www.elche.es\/va\/wp-json\/wp\/v2\/media\/83376"}],"wp:attachment":[{"href":"https:\/\/www.elche.es\/va\/wp-json\/wp\/v2\/media?parent=106805"}],"wp:term":[{"taxonomy":"category","embeddable":true,"href":"https:\/\/www.elche.es\/va\/wp-json\/wp\/v2\/categories?post=106805"},{"taxonomy":"post_tag","embeddable":true,"href":"https:\/\/www.elche.es\/va\/wp-json\/wp\/v2\/tags?post=106805"}],"curies":[{"name":"wp","href":"https:\/\/api.w.org\/{rel}","templated":true}]}}