{"id":106995,"date":"2020-01-13T15:06:29","date_gmt":"2020-01-13T14:06:29","guid":{"rendered":"http:\/\/www.elche.es\/va\/?p=106995"},"modified":"2020-01-13T15:06:29","modified_gmt":"2020-01-13T14:06:29","slug":"lajuntament-inverteix-70-000-euros-en-la-renovacio-i-ampliacio-de-jocs-infantils-al-jardi-dels-xiquets-i-les-xiquetes-del-barri-de-la-universitat","status":"publish","type":"post","link":"https:\/\/www.elche.es\/va\/2020\/01\/lajuntament-inverteix-70-000-euros-en-la-renovacio-i-ampliacio-de-jocs-infantils-al-jardi-dels-xiquets-i-les-xiquetes-del-barri-de-la-universitat\/","title":{"rendered":"L&#8217;Ajuntament inverteix 70.000 euros en la renovaci\u00f3 i ampliaci\u00f3 de jocs infantils al jard\u00ed dels Xiquets i les Xiquetes del barri de la Universitat"},"content":{"rendered":"<blockquote><p>L&#8217;alcalde visita aquesta zona de 400 metres quadrats en la qual s&#8217;han col\u00b7locat nous gronxadors i tobogans, aix\u00ed com un roc\u00f2drom i una tirolina<\/p>\n<p>Carlos Gonz\u00e1lez anuncia que als 300.000 euros invertits en 2019 se sumen per a enguany altres 650.000 euros per a la renovaci\u00f3, ampliaci\u00f3 i millora de les zones infantils als barris i pedanies<\/p>\n<p>A m\u00e9s, s&#8217;estan duent a terme treballs de poda i desbrossament de l&#8217;hort en el qual es troba aquest parc infantil<\/p><\/blockquote>\n<p>L&#8217;alcalde d&#8217;Elx, Carlos Gonz\u00e1lez, i el regidor de Modernitzaci\u00f3 de l&#8217;Espai P\u00fablic, H\u00e9ctor D\u00edez, han visitat el jard\u00ed dels Xiquets i les Xiquetes del barri de la Universitat on l&#8217;Ajuntament ha creat una nova zona de jocs infantils i est\u00e0 procedint a la poda de palmeres de la zona.<\/p>\n<p>\u201cHem dut a terme una inversi\u00f3 de prop de 70.000 euros per a renovar i ampliar la zona de jocs infantils que ara aconsegueix els 400 metres quadrats\u201d, ha explicat l&#8217;alcalde qui ha afegit que \u201chem dut a terme l&#8217;adquisici\u00f3 de jocs m\u00e9s moderns i variats amb la finalitat d&#8217;ampliar l&#8217;oferta i fer un parc m\u00e9s d&#8217;acord amb les exig\u00e8ncies dels m\u00e9s xicotets\u201d.<\/p>\n<p>Concretament s&#8217;ha dut a terme la remodelaci\u00f3 de 270 metres quadrats de la zona de jocs infantils de 6 a 14 anys amb la instal\u00b7laci\u00f3 d&#8217;un roc\u00f2drom, una tirolina, tobogans, xarxa de grimpa i gronxadors. A m\u00e9s, s&#8217;ha renovat el s\u00f2l de protecci\u00f3.<br \/>\nD&#8217;altra banda, s&#8217;ha creat una zona de jocs infantils de 150 metres quadrats de 3 a 6 anys. En ella s&#8217;ha instal\u00b7lat un tobogan, gronxadors amb seients bressol, molls tematizados i s\u00f2l de protecci\u00f3.<\/p>\n<p>\u201cEl resultat \u00e9s veritablement interessant perqu\u00e8 es respon a la demanda dels pares i mares d&#8217;aquesta zona i des d&#8217;un punt de vista general hem de dir que hem realitzant un gran esfor\u00e7 durant 2019 per a la renovaci\u00f3 de jocs infantils a la ciutat\u201d, ha assenyalat l&#8217;alcalde.<\/p>\n<p>Gonz\u00e1lez ha recordat que s&#8217;han invertit 300.000 euros fins ara i en 2020 est\u00e0 prevista una inversi\u00f3 de 650.000 euros en la renovaci\u00f3, ampliaci\u00f3 i millora de les zones infantils en els barris i pedanies.<\/p>\n<p>\u201cUna de les actuacions que durem a terme \u00e9s la renovaci\u00f3 i millora dels jocs infantils del Parc Municipal que estan necessitats d&#8217;aqueixa renovaci\u00f3. Al marge d&#8217;aix\u00f2, actuarem nombrosos barris i pedanies\u201d, ha indicat l&#8217;alcalde qui ha afegit que \u201caquestes actuacions s&#8217;emmarquen en les pol\u00edtiques de modernitzaci\u00f3 d&#8217;espai p\u00fablic\u201d.<\/p>\n<p>Tal com ha apuntat l&#8217;alcalde \u201cvivim en una ciutat mediterr\u00e0nia que compta amb un gran nombre de zones verdes i durant 2020 una de les nostres prioritats ser\u00e0 la inversi\u00f3 en la modernitzaci\u00f3 de l&#8217;espai p\u00fablic. Aix\u00f2 comporta treballar en la substituci\u00f3 de voreres, asfalt, camins p\u00fablics\u2026 i, per descomptat, tamb\u00e9 comporta l&#8217;actuaci\u00f3 en places, parcs i jardins del municipi. I tot aix\u00f2 per a millorar la qualitat de vida dels il\u00b7licitans i il\u00b7licitanes per al que invertirem prop de 9,5 milions d&#8217;euros\u201d.<\/p>\n<p>D&#8217;altra banda, la brigada municipal de palmerers est\u00e0 posant al dia l&#8217;hort de palmeres i des de la setmana passada s&#8217;estan fent treballs de poda, desbrossament i neteja de tot l&#8217;hort.<br \/>\nCal destacar que la passada legislatura es va realitzar una consulta al ve\u00efnat perqu\u00e8 proposara quins usos donar a aquest jard\u00ed. Una de les actuacions m\u00e9s demandades va ser remodelar i ampliar la zona de joc que hui s&#8217;ha visitat, i per a enguany s&#8217;abordaran altres propostes com \u00e9s la creaci\u00f3 d&#8217;una zona de berenador.<\/p>\n","protected":false},"excerpt":{"rendered":"<p>L&#8217;alcalde visita aquesta zona de 400 metres quadrats en la qual s&#8217;han col\u00b7locat nous gronxadors i tobogans, aix\u00ed com un roc\u00f2drom i una tirolina Carlos Gonz\u00e1lez anuncia que als 300.000 [&hellip;]<\/p>\n","protected":false},"author":15,"featured_media":106955,"comment_status":"closed","ping_status":"closed","sticky":false,"template":"","format":"standard","meta":{"footnotes":""},"categories":[391,680],"tags":[],"class_list":["post-106995","post","type-post","status-publish","format-standard","has-post-thumbnail","hentry","category-home-va","category-mantenimiento-va"],"_links":{"self":[{"href":"https:\/\/www.elche.es\/va\/wp-json\/wp\/v2\/posts\/106995","targetHints":{"allow":["GET"]}}],"collection":[{"href":"https:\/\/www.elche.es\/va\/wp-json\/wp\/v2\/posts"}],"about":[{"href":"https:\/\/www.elche.es\/va\/wp-json\/wp\/v2\/types\/post"}],"author":[{"embeddable":true,"href":"https:\/\/www.elche.es\/va\/wp-json\/wp\/v2\/users\/15"}],"replies":[{"embeddable":true,"href":"https:\/\/www.elche.es\/va\/wp-json\/wp\/v2\/comments?post=106995"}],"version-history":[{"count":0,"href":"https:\/\/www.elche.es\/va\/wp-json\/wp\/v2\/posts\/106995\/revisions"}],"wp:featuredmedia":[{"embeddable":true,"href":"https:\/\/www.elche.es\/va\/wp-json\/wp\/v2\/media\/106955"}],"wp:attachment":[{"href":"https:\/\/www.elche.es\/va\/wp-json\/wp\/v2\/media?parent=106995"}],"wp:term":[{"taxonomy":"category","embeddable":true,"href":"https:\/\/www.elche.es\/va\/wp-json\/wp\/v2\/categories?post=106995"},{"taxonomy":"post_tag","embeddable":true,"href":"https:\/\/www.elche.es\/va\/wp-json\/wp\/v2\/tags?post=106995"}],"curies":[{"name":"wp","href":"https:\/\/api.w.org\/{rel}","templated":true}]}}