{"id":107814,"date":"2020-01-21T12:59:16","date_gmt":"2020-01-21T11:59:16","guid":{"rendered":"http:\/\/www.elche.es\/va\/?p=107814"},"modified":"2020-01-21T12:59:16","modified_gmt":"2020-01-21T11:59:16","slug":"la-borrasca-gloria-deixa-al-seu-pas-per-elx-branques-i-arbres-caiguts-i-danys-en-el-litoral","status":"publish","type":"post","link":"https:\/\/www.elche.es\/va\/2020\/01\/la-borrasca-gloria-deixa-al-seu-pas-per-elx-branques-i-arbres-caiguts-i-danys-en-el-litoral\/","title":{"rendered":"La borrasca \u201cGl\u00f2ria\u201d deixa al seu pas per Elx branques i arbres caiguts i danys en el litoral"},"content":{"rendered":"<blockquote><p>El regidor de Seguretat Ciutadana i Emerg\u00e8ncies, Ram\u00f3n Abad, destaca que les previsions meteorol\u00f2giques s&#8217;han complit i les classes s&#8217;han desenvolupat amb relativa normalitat<\/p><\/blockquote>\n<p>El regidor de Seguretat Ciutadana i Emerg\u00e8ncies, Ram\u00f3n Abad, ha avaluat hui les incid\u00e8ncies de la borrasca \u201cGl\u00f2ria\u201d a Elx i ha destacat que la decisi\u00f3 de mantindre hui les classes va ser presa anit d&#8217;acord amb els diferents parts emesos per AEMET, el Centre de Coordinaci\u00f3 d&#8217;Emerg\u00e8ncies de la Generalitat i per l&#8217;Aeroport Alacant-Elx.<br \/>\nTal com ha assenyalat l&#8217;edil, \u201cles previsions s&#8217;han complit i hui les classes en col\u00b7legis i instituts s&#8217;han desenvolupat amb relativa normalitat, encara que \u00e9s cert que han faltat alguns docents que resideixen en localitats en les quals el temporal ha sigut m\u00e9s intens\u201d.<\/p>\n<p>Abad ha destacat que, al contrari de l&#8217;ocorregut en altres localitats, Elx no ha arribat a entrar en alerta roja en cap moment.\u201cEntrem en preemerg\u00e8ncia per alerta taronja per forts vents en la mitjanit del diumenge. Durant tot el dissabte vam estar estudiant la possible suspensi\u00f3 del romiatge de Sant Antoni.<\/p>\n<p>Finalment i sempre consultant els comunicats meteorol\u00f2gics, decidim no suspendre el romiatge que va ser tot un \u00e8xit, ja que les previsions es van complir i el temps va respectar la celebraci\u00f3 de Sant Antoni\u201d, ha assenyalat el regidor qui ha afegit que \u201cposteriorment, a les 16 hores del diumenge entrem en alerta taronja per forts vents i sobre les nou de la nit, despr\u00e9s de rebre l&#8217;\u00faltim part meteorol\u00f2gic acordem no suspendre les classes, excepte a l&#8217;institut de Torrellano i al col\u00b7legi de la Baia\u201d. El responsable municipal d&#8217;Emerg\u00e8ncies ha explicat que \u201cen aquest part s&#8217;advertia que entr\u00e0vem en alerta taronja per vents amb ratxes de fins a 60 km\/h i que sobre les set del mat\u00ed del dia de hui comen\u00e7arien a amainar aqueixes ratxes de vent i que a les nou del mat\u00ed eixir\u00edem d&#8217;aqueixa alerta taronja. El pron\u00f2stic s&#8217;ha complit a la perfecci\u00f3\u201d.<\/p>\n<p>L&#8217;edil ha indicat que \u201cvull deixar clar que des de l&#8217;\u00e0rea d&#8217;Emerg\u00e8ncies en cap moment adoptem decisions arbitr\u00e0ries o capritxoses, sempre es basen en els comunicats meteorol\u00f2gics i, d&#8217;acord amb aquests, acordem anit mantindre l&#8217;activitat escolar en el municipi. Finalment, les previsions per a hui tamb\u00e9 s&#8217;han complit i les ratxes de vent han amainat a l&#8217;hora d&#8217;entrada a classe\u201d.<\/p>\n<p><strong>Incid\u00e8ncies<\/strong><br \/>\nAl marge de la falta de professorat en alguns col\u00b7legis i instituts, al municipi il\u00b7licit\u00e0 s&#8217;han produ\u00eft les incid\u00e8ncies habituals quan es donen fortes ratxes de vent com s\u00f3n: caigudes de branques i arbratge, caigudes de rebles en algunes cornises (controlada en tot moment per Bombers) o els danys produ\u00efts al litoral cas d&#8217;Arenals i especialment al Pinet pel trencament d&#8217;un dic que ha afectat les cases que estan en primera l\u00ednia.<\/p>\n<p>Ram\u00f3n Abad ha explicat que \u201cen aquests moments seguim pendents de l&#8217;evoluci\u00f3 de la borrasca i el gabinet de crisi estar\u00e0 reunit de manera permanent per si calguera prendre alguna mesura. No obstant aix\u00f2, hem eixit d&#8217;alerta taronja i estem en alerta groga de preemerg\u00e8ncia per vents i la pluja ser\u00e0 feble. Encara aix\u00ed, traslladem a la poblaci\u00f3 la necessitat de mantindre la precauci\u00f3 i mantindre&#8217;s informada sobre l&#8217;evoluci\u00f3 de la borrasca pels canals oficials de l&#8217;Ajuntament, de la Policia Local i pels mitjans de comunicaci\u00f3 locals, ja que el pitjor que pot oc\u00f3rrer \u00e9s que es difonguen not\u00edcies falses en canals no oficials\u201d.<\/p>\n","protected":false},"excerpt":{"rendered":"<p>El regidor de Seguretat Ciutadana i Emerg\u00e8ncies, Ram\u00f3n Abad, destaca que les previsions meteorol\u00f2giques s&#8217;han complit i les classes s&#8217;han desenvolupat amb relativa normalitat El regidor de Seguretat Ciutadana i [&hellip;]<\/p>\n","protected":false},"author":15,"featured_media":107673,"comment_status":"closed","ping_status":"closed","sticky":false,"template":"","format":"standard","meta":{"footnotes":""},"categories":[1546,391],"tags":[],"class_list":["post-107814","post","type-post","status-publish","format-standard","has-post-thumbnail","hentry","category-emergencias-va","category-home-va"],"_links":{"self":[{"href":"https:\/\/www.elche.es\/va\/wp-json\/wp\/v2\/posts\/107814","targetHints":{"allow":["GET"]}}],"collection":[{"href":"https:\/\/www.elche.es\/va\/wp-json\/wp\/v2\/posts"}],"about":[{"href":"https:\/\/www.elche.es\/va\/wp-json\/wp\/v2\/types\/post"}],"author":[{"embeddable":true,"href":"https:\/\/www.elche.es\/va\/wp-json\/wp\/v2\/users\/15"}],"replies":[{"embeddable":true,"href":"https:\/\/www.elche.es\/va\/wp-json\/wp\/v2\/comments?post=107814"}],"version-history":[{"count":0,"href":"https:\/\/www.elche.es\/va\/wp-json\/wp\/v2\/posts\/107814\/revisions"}],"wp:featuredmedia":[{"embeddable":true,"href":"https:\/\/www.elche.es\/va\/wp-json\/wp\/v2\/media\/107673"}],"wp:attachment":[{"href":"https:\/\/www.elche.es\/va\/wp-json\/wp\/v2\/media?parent=107814"}],"wp:term":[{"taxonomy":"category","embeddable":true,"href":"https:\/\/www.elche.es\/va\/wp-json\/wp\/v2\/categories?post=107814"},{"taxonomy":"post_tag","embeddable":true,"href":"https:\/\/www.elche.es\/va\/wp-json\/wp\/v2\/tags?post=107814"}],"curies":[{"name":"wp","href":"https:\/\/api.w.org\/{rel}","templated":true}]}}