{"id":10784,"date":"2016-12-19T14:23:46","date_gmt":"2016-12-19T13:23:46","guid":{"rendered":"http:\/\/www.elche.es\/va\/2016\/12\/el-edil-de-emergencias-destaca-el-buen-funcionamiento-del-dispositivo-de-prevencion-ante-el-temporal\/"},"modified":"2016-12-20T10:26:28","modified_gmt":"2016-12-20T09:26:28","slug":"el-edil-de-emergencias-destaca-el-buen-funcionamiento-del-dispositivo-de-prevencion-ante-el-temporal","status":"publish","type":"post","link":"https:\/\/www.elche.es\/va\/2016\/12\/el-edil-de-emergencias-destaca-el-buen-funcionamiento-del-dispositivo-de-prevencion-ante-el-temporal\/","title":{"rendered":"El regidor d&#8217;Emerg\u00e8ncies destaca el bon funcionament del dispositiu de prevenci\u00f3 davant del temporal"},"content":{"rendered":"<blockquote><p>El regidor de Seguretat Ciutadana, Jos\u00e9 P\u00e9rez, i el coordinador d\u2019Emerg\u00e8ncies, Jes\u00fas Andreu, han fet hui balan\u00e7 dels danys causats pel temporal que este cap de setmana ha assotat el municipi.<\/p><\/blockquote>\n<p>\u201cDes de la regidoria d\u2019Emerg\u00e8ncies volem destacar que a pesar de la for\u00e7a del temporal de pluja i vent que ens ha assotat durant el cap de setmana no hem hagut de lamentar, fins ara, danys personals ni tampoc danys materials d\u2019import\u00e0ncia. Diem fins ara perqu\u00e8 encara seguim en alerta\u201d, ha declarat Jos\u00e9 P\u00e9rez.<br \/>\nEl regidor ha explicat que \u201cencara que \u00e9s cert que la pluja ha deixat inutilitzades durant hores algunes carreteres del municipi, el dispositiu preventiu plantejat per la Policia Local, Bombers, Protecci\u00f3 Civil, Aig\u00fces d\u2019Elx i Dya ha complit la seua comesa. Per aix\u00f2, volem felicitar-los pel gran treball que han realitzat tallant al tr\u00e0nsit les zones amb acumulaci\u00f3 d\u2019aigua per evitar accidents de tr\u00e0nsit i netejant embornals\u201d.<br \/>\nPer la seua part, el regidor ha destacat el bon funcionament del nou col\u00b7lector de Carr\u00fas que ha evitat que es repetisquen les inundacions que es produ\u00efen en el carrer Pere Joan Perpiny\u00e0 i altres punts de Carr\u00fas.<br \/>\nP\u00e9rez ha apuntat que la mesura preventiva del tancament del Parc Municipal i dels espais p\u00fablics a l\u2019aire lliure ha afavorit que no s\u2019hagen produ\u00eft possibles incidents i ha aclarit que la decisi\u00f3 de suspendre hui les classes ha sigut adoptada en previsi\u00f3 que el temporal puga empitjorar. \u201cCal tindre en compte que molts centres educatius a Elx es troben en horts amb el risc que suposa la caiguda de palmeres\u201d, ha dit.<\/p>\n","protected":false},"excerpt":{"rendered":"<p>El regidor de Seguretat Ciutadana, Jos\u00e9 P\u00e9rez, i el coordinador d\u2019Emerg\u00e8ncies, Jes\u00fas Andreu, han fet hui balan\u00e7 dels danys causats pel temporal que este cap de setmana ha assotat el [&hellip;]<\/p>\n","protected":false},"author":10,"featured_media":10760,"comment_status":"closed","ping_status":"closed","sticky":false,"template":"","format":"standard","meta":{"footnotes":""},"categories":[161,391],"tags":[],"class_list":["post-10784","post","type-post","status-publish","format-standard","has-post-thumbnail","hentry","category-ajuntament","category-home-va"],"_links":{"self":[{"href":"https:\/\/www.elche.es\/va\/wp-json\/wp\/v2\/posts\/10784","targetHints":{"allow":["GET"]}}],"collection":[{"href":"https:\/\/www.elche.es\/va\/wp-json\/wp\/v2\/posts"}],"about":[{"href":"https:\/\/www.elche.es\/va\/wp-json\/wp\/v2\/types\/post"}],"author":[{"embeddable":true,"href":"https:\/\/www.elche.es\/va\/wp-json\/wp\/v2\/users\/10"}],"replies":[{"embeddable":true,"href":"https:\/\/www.elche.es\/va\/wp-json\/wp\/v2\/comments?post=10784"}],"version-history":[{"count":0,"href":"https:\/\/www.elche.es\/va\/wp-json\/wp\/v2\/posts\/10784\/revisions"}],"wp:featuredmedia":[{"embeddable":true,"href":"https:\/\/www.elche.es\/va\/wp-json\/wp\/v2\/media\/10760"}],"wp:attachment":[{"href":"https:\/\/www.elche.es\/va\/wp-json\/wp\/v2\/media?parent=10784"}],"wp:term":[{"taxonomy":"category","embeddable":true,"href":"https:\/\/www.elche.es\/va\/wp-json\/wp\/v2\/categories?post=10784"},{"taxonomy":"post_tag","embeddable":true,"href":"https:\/\/www.elche.es\/va\/wp-json\/wp\/v2\/tags?post=10784"}],"curies":[{"name":"wp","href":"https:\/\/api.w.org\/{rel}","templated":true}]}}