{"id":108312,"date":"2020-01-23T13:14:03","date_gmt":"2020-01-23T12:14:03","guid":{"rendered":"http:\/\/www.elche.es\/va\/?p=108312"},"modified":"2020-01-23T13:14:03","modified_gmt":"2020-01-23T12:14:03","slug":"carlos-gonzalez-explica-que-lobjectiu-delx-en-fitur-es-continuar-posicionant-se-com-a-referent-turistic-despanya-i-de-la-comunitat-valenciana","status":"publish","type":"post","link":"https:\/\/www.elche.es\/va\/2020\/01\/carlos-gonzalez-explica-que-lobjectiu-delx-en-fitur-es-continuar-posicionant-se-com-a-referent-turistic-despanya-i-de-la-comunitat-valenciana\/","title":{"rendered":"Carlos Gonz\u00e1lez explica que l&#8217;objectiu d&#8217;Elx en Fitur \u00e9s continuar posicionant-se com a referent tur\u00edstic d&#8217;Espanya i de la Comunitat Valenciana"},"content":{"rendered":"<blockquote><p>L&#8217;alcalde, acompanyat dels regidors de Turisme, Carles Molina, i de Festes, Mariola Galiana, secunda amb la seua pres\u00e8ncia en el certamen que se celebra a Madrid des de hui fins el pr\u00f2xim dia 26, l&#8217;\u00e0mplia oferta cultural, gastron\u00f2mica i de turisme congressual del municipi<\/p>\n<p>Un mural del Misteri es converteix en el gran atractiu de l&#8217;estand de la Comunitat Valenciana<\/p><\/blockquote>\n<p>\u201cElx ve a Fitur amb la finalitat de promocionar el gran atractiu tur\u00edstic que t\u00e9 la nostra ciutat, que compta amb tres patrimonis de la Humanitat, una cosa que ocorre en molt pocs llocs del m\u00f3n; som la ciutat de la Dama d&#8217;Elx, que l&#8217;anhela, que no la t\u00e9, per\u00f2 que la tindrem, i aix\u00f2 imprimeix marca de ciutat i la posiciona tur\u00edsticament; i som una ciutat amb indubtable atractiu des del punt de vista del nostre patrimoni cultural i natural\u201d, ha assenyalat l&#8217;alcalde d&#8217;Elx, Carlos Gonz\u00e1lez, durant la jornada inaugural del la fira, en la qual ha estat acompanyat pel regidor de Turisme, Carles Molina, i per la regidora de Festes, Mariola Galiana.<\/p>\n<p>Elx presenta en aquesta mostra, una de les m\u00e9s representatives de la ind\u00fastria tur\u00edstica mundial, que se celebra en el recinte d&#8217;Ifema de Madrid des de hui fins el pr\u00f2xim dia 26, una \u00e0mplia oferta cultural, gastron\u00f2mica i de turisme congressual en l&#8217;estand de la Comunitat Valenciana sota el paraigua del patronat Costa Blanca.<\/p>\n<p><strong>Referent tur\u00edstic<\/strong><br \/>\n\u201cTenim deu quil\u00f2metres de platges, d&#8217;excel\u00b7lents platges, de les millors del Mediterrani, i espais naturals amb un gran valor i un gran atractiu\u201d, ha destacat l&#8217;alcalde il\u00b7licit\u00e0 en relaci\u00f3 amb l&#8217;oferta tur\u00edstica, per a assenyalar a continuaci\u00f3 que \u201csi a aix\u00f2 sumem l&#8217;hospitalitat dels il\u00b7licitans i de les il\u00b7licitanes, i tamb\u00e9 el valor que t\u00e9 la gastronomia de la nostra ciutat, tot fa que Elx siga atractiva, que est\u00e0 en Fitur per a per a continuar posicionant-se com un gran referent tur\u00edstic dins de la Comunitat Valenciana i d&#8217;Espanya\u201d.<\/p>\n<p>Un dels atractius de l&#8217;estand de la Comunitat Valenciana est\u00e0 sent un gran mural del Misteri, que des de l&#8217;inici de la fira ha cridat l&#8217;atenci\u00f3 de visitants i professionals i ha servit de marc per a nombroses fotografies. Sobre les festes, Gonz\u00e1lez ha subratllat que \u201ctenen un atractiu indubtable, formen part del que compartim amb el m\u00f3n des del punt de vista tur\u00edstic, el Misteri \u00e9s el principal exponent, \u00e9s una cosa \u00fanica i excepcional i t\u00e9 un protagonisme indubtable dins de l&#8217;estand de la Comunitat Valenciana, que ha volgut que una de les seues ensenyes siga un grandi\u00f3s mural\u201d.<\/p>\n<p><strong>Destinaci\u00f3 de festivals<\/strong><br \/>\nA m\u00e9s de l&#8217;oferta ressenyada, Elx vol posicionar-se com a destinaci\u00f3 tur\u00edstica de festivals i per a aix\u00f2 presenta en aquesta fira l&#8217;Spring Festival Elx. Per part seua, VisitElche ha posat en marxa una campanya de comunicaci\u00f3 segmentada per producte en la l\u00ednia 8 del Metre de Madrid amb 221 frisos en 17 trens. Aquesta actuaci\u00f3 es veur\u00e0 refor\u00e7ada amb una inserci\u00f3 publicit\u00e0ria de la companyia de promoci\u00f3 en 800.000 pl\u00e0nols tur\u00edstics de Madrid durant els pr\u00f2xims tres mesos.<\/p>\n<p>A m\u00e9s, s&#8217;ha organitzat, del 22 al 24, una taula de treball amb el nom d&#8217;Elx Oficina de Congressos i amb motiu de la celebraci\u00f3 hui del dia de la Costa Blanca s&#8217;ha presentat la guia \u201cDestinacions Gastron\u00f2miques\u201d, publicaci\u00f3 en la qual Elx participa com a destinaci\u00f3 gastron\u00f2mica. La jornada ha comptat amb la pres\u00e8ncia de les Reines i Dames de les Festes, aix\u00ed com de la Dama Vivent.<\/p>\n<p><strong>Nit de l\u2019<em>Alb\u00e0<\/em><\/strong><br \/>\nEntre els actes previstos per als pr\u00f2xims dies destaca la presentaci\u00f3 de la candidatura de la Nit de l\u2019<em>Alb\u00e0<\/em> per a la declaraci\u00f3 de Festa d&#8217;Inter\u00e9s Tur\u00edstic Nacional, un treball que est\u00e0 realitzant l&#8217;Equip de Govern en col\u00b7laboraci\u00f3 amb l&#8217;Associaci\u00f3 d&#8217;Amics de la Nit de l\u2019<em>Alb\u00e0<\/em>, o les desfilades al carrer Preciados de Madrid de les Reines i Dames i, per primera vegada, d&#8217;una representaci\u00f3 de l&#8217;Associaci\u00f3 de Moros i Cristians.<\/p>\n<p>Fitur celebra en aquesta edici\u00f3 el seu 40 aniversari amb la participaci\u00f3 de 918 expositors titulars i 11.040 empreses de 165 pa\u00efsos i regions. La fira registra un creixement del 3,8% respecte a l&#8217;edici\u00f3 anterior. La pres\u00e8ncia internacional suposa el 56% i la nacional el 44%. Corea del Sud \u00e9s el Pa\u00eds Soci Fitur 2020.<\/p>\n","protected":false},"excerpt":{"rendered":"<p>L&#8217;alcalde, acompanyat dels regidors de Turisme, Carles Molina, i de Festes, Mariola Galiana, secunda amb la seua pres\u00e8ncia en el certamen que se celebra a Madrid des de hui fins [&hellip;]<\/p>\n","protected":false},"author":15,"featured_media":108255,"comment_status":"closed","ping_status":"closed","sticky":false,"template":"","format":"standard","meta":{"footnotes":""},"categories":[191,391,228],"tags":[],"class_list":["post-108312","post","type-post","status-publish","format-standard","has-post-thumbnail","hentry","category-festes-va","category-home-va","category-turisme-va"],"_links":{"self":[{"href":"https:\/\/www.elche.es\/va\/wp-json\/wp\/v2\/posts\/108312","targetHints":{"allow":["GET"]}}],"collection":[{"href":"https:\/\/www.elche.es\/va\/wp-json\/wp\/v2\/posts"}],"about":[{"href":"https:\/\/www.elche.es\/va\/wp-json\/wp\/v2\/types\/post"}],"author":[{"embeddable":true,"href":"https:\/\/www.elche.es\/va\/wp-json\/wp\/v2\/users\/15"}],"replies":[{"embeddable":true,"href":"https:\/\/www.elche.es\/va\/wp-json\/wp\/v2\/comments?post=108312"}],"version-history":[{"count":0,"href":"https:\/\/www.elche.es\/va\/wp-json\/wp\/v2\/posts\/108312\/revisions"}],"wp:featuredmedia":[{"embeddable":true,"href":"https:\/\/www.elche.es\/va\/wp-json\/wp\/v2\/media\/108255"}],"wp:attachment":[{"href":"https:\/\/www.elche.es\/va\/wp-json\/wp\/v2\/media?parent=108312"}],"wp:term":[{"taxonomy":"category","embeddable":true,"href":"https:\/\/www.elche.es\/va\/wp-json\/wp\/v2\/categories?post=108312"},{"taxonomy":"post_tag","embeddable":true,"href":"https:\/\/www.elche.es\/va\/wp-json\/wp\/v2\/tags?post=108312"}],"curies":[{"name":"wp","href":"https:\/\/api.w.org\/{rel}","templated":true}]}}