{"id":108792,"date":"2020-01-27T15:36:16","date_gmt":"2020-01-27T14:36:16","guid":{"rendered":"http:\/\/www.elche.es\/va\/?p=108792"},"modified":"2020-01-27T15:36:16","modified_gmt":"2020-01-27T14:36:16","slug":"el-ple-insta-al-govern-central-a-concloure-la-ronda-sud-i-a-mantindre-el-tajo-segura","status":"publish","type":"post","link":"https:\/\/www.elche.es\/va\/2020\/01\/el-ple-insta-al-govern-central-a-concloure-la-ronda-sud-i-a-mantindre-el-tajo-segura\/","title":{"rendered":"El Ple insta al Govern Central a concloure la Ronda Sud i a mantindre el Tajo-Segura"},"content":{"rendered":"<blockquote><p>La Corporaci\u00f3 signa una Declaraci\u00f3 Institucional en suport als agricultors del Camp d\u2019Elx i de la prov\u00edncia d&#8217;Alacant, M\u00farcia i del nord d&#8217;Almeria<\/p>\n<p>S&#8217;aprova per unanimitat traslladar al Consell una bateria de propostes per a una major regulaci\u00f3 de l&#8217;activitat de les cases d&#8217;apostes i el joc<\/p><\/blockquote>\n<p>El Ple ha aprovat per unanimitat la petici\u00f3 del Grup Socialista, de sol\u00b7licitar al Ministeri de Foment la inclusi\u00f3 en el Projecte de Pressupostos Generals de l&#8217;Estat 2020 d&#8217;una dotaci\u00f3 econ\u00f2mica per a l&#8217;execuci\u00f3 dels treballs de la segona fase de la Ronda Sud, una infraestructura clau per al desenvolupament socioecon\u00f2mic del municipi i acabar amb el tr\u00e0nsit de la rotonda del l\u2019Aljub. En concret, falten 2,5 quil\u00f2metres pendents de finalitzar i tancar aix\u00ed l&#8217;anell viari que suposa l&#8217;EL-20.<\/p>\n<p>Igualment, s&#8217;ha llegit la Declaraci\u00f3 Institucional per la qual la totalitat de la Corporaci\u00f3 Municipal ha donat suport a les reivindicacions dels agricultors del Camp d\u2019Elx, comarques lim\u00edtrofes i de les prov\u00edncies d&#8217;Alacant, M\u00farcia i el nord d&#8217;Almeria, en les seues peticions respecte a que s&#8217;exigisca continu\u00eftat en l&#8217;aigua de reg procedent del transvasament Tajo-Segura. Per aix\u00f2, s&#8217;ha sol\u00b7licitat al Govern d&#8217;Espanya que el reconega com un element irrenunciable i \u201cessencial de creixement i desenvolupament econ\u00f2mic\u201d, i sol\u00b7licitar el seu funcionament sense interrupci\u00f3 per a \u201cpermetre el treball de milers d&#8217;agricultors de la zona, aix\u00ed com la seua contribuci\u00f3 al desenvolupament i benestar econ\u00f2mic general\u201d.<\/p>\n<p>El Grup Comprom\u00eds ha exposat una bateria de mesures, avalades un\u00e0nimement pel Ple, per a augmentar la regulaci\u00f3 a les cases d&#8217;apostes i el joc a la Comunitat. Una morat\u00f2ria de cinc anys per a obertures de cases d&#8217;apostes, m\u00e0quines d&#8217;\u00eddem sense elements decoratius ac\u00fastics i lluminosos, a m\u00e9s de preparades per a evitar el seu \u00fas per persones vulnerables, la seua prohibici\u00f3 en establiments esportius i hostalers, la limitaci\u00f3 de la publicitat interior i exterior dels locals de joc, o la seua ubicaci\u00f3 -mai a menys de 1.000 metres d&#8217;un centre educatiu, sanitari o esportiu-, s\u00f3n algunes de les millores formulades i que es traslladaran a la Generalitat, incloent el nom que ha d&#8217;adoptar la nova legislaci\u00f3 auton\u00f2mica, la qual est\u00e0 en fase de disseny.<\/p>\n<p>En un altre ordre de coses, el Grup Ciutadans ha presentat una moci\u00f3 per a l&#8217;ampliaci\u00f3 de les l\u00ednies B i L dels autobusos urbans, que no s&#8217;ha aprovat pels vots negatius de l&#8217;Equip de Govern. \u201cNo podem aprovar-la perqu\u00e8 es precisa un estudi previ que es realitza cada quatre anys; el pr\u00f2xim comen\u00e7ar\u00e0 durant el present trimestre\u201d, ha raonat la regidora de Mobilitat, Esther D\u00edez, qui ha prom\u00e9s que les observacions de Ciutadans s&#8217;inclouran en aquest estudi. El regidor no adscrit, Garc\u00eda-Ontiveros, ha proposat la creaci\u00f3 de \u201cbiblioplatges\u201d al litoral il\u00b7licit\u00e0 per al per\u00edode estival, moci\u00f3 que ha obtingut la confian\u00e7a de tots els grups, cosa que no ha aconseguit la proposici\u00f3 de VOX en la seua idea de crear la figura del defensor del major i un monument a aquest col\u00b7lectiu, ja que, tal com ha respost la regidora de Pol\u00edtica de Majors de l&#8217;Ajuntament, Puri Vives, \u201cels majors d&#8217;Elx ja estan recolzats per l&#8217;Equip de Govern, les regidories de Pol\u00edtiques Inclusives i Pol\u00edtica de Majors, i el Consell Municipal de Majors\u201d.<\/p>\n<p><strong>Clau nacional i auton\u00f2mica<\/strong><br \/>\nLa primera Sessi\u00f3 Plen\u00e0ria de l&#8217;exercici 2020 ha estat marcada per un enfocament en clau nacional i auton\u00f2mica, ja que nombroses mocions presentades per l&#8217;oposici\u00f3 han versat sobre q\u00fcestions que van m\u00e9s enll\u00e0 dels l\u00edmits municipals. Aix\u00ed mateix, s&#8217;ha donat llum verda al nomenament d&#8217;Eduardo Garc\u00eda-Ontiveros com a edil no adscrit, en ser expulsat de la formaci\u00f3 taronja. A m\u00e9s, s&#8217;ha posat en coneixement la intenci\u00f3 d&#8217;Amparo Cerd\u00e0, del Grup VOX, de renunciar a la seua acta i abandonar el citat partit.<\/p>\n<p>Aix\u00ed doncs, entre els suggeriments portats al Ple d&#8217;aquest mat\u00ed, el Grup Ciutadans ha animat a la totalitat dels regidors que se sumaren al suport dels \u00f2rgans institucionals de l&#8217;Estat i instar al Govern central a no realitzar concessions a l&#8217;independentisme, moci\u00f3 que ha sigut rebutjada amb els vots de l&#8217;Equip de Govern at\u00e9s que, segons ha argumentat Ram\u00f3n Abad, del Grup Socialista, \u201cEspanya no est\u00e0 en perill ni s&#8217;est\u00e0 trencant\u201d. VOX, per part seua, ha volgut reprovar els socialistes per la seua responsabilitat pol\u00edtica en el cas dels ERE d&#8217;Andalusia, la qual tampoc ha tirat avant per la negativa de l&#8217;Equip de Govern i l&#8217;abstenci\u00f3 de Garc\u00eda-Ontiveros \u201cal no ser el f\u00f2rum adequat per a tractar el tema\u201d, ha expressat el no adscrit.<\/p>\n<p>El Grup Popular ha efectuat una defensa de l&#8217;educaci\u00f3 dels fills invocant l&#8217;article 27 de la Constituci\u00f3 Espanyola, defensant els centres concertats com a complement i garantia de la llibertat d&#8217;elecci\u00f3 del model en qu\u00e8 els pares i les mares volen educar les i els seus descendents, petici\u00f3 que ha tingut resposta de la regidora de l&#8217;\u00e0rea, Mar\u00eda Jos\u00e9 Mart\u00ednez, qui ha manifestat que la concertada a la ciutat no est\u00e0 en perill, ni el dret a l&#8217;educaci\u00f3 p\u00fablica, inclusiva i neutral tampoc, perqu\u00e8 l&#8217;Estat ho garanteix i continua fomentant disposicions per a enfortir-lo, per la qual cosa, aix\u00ed mateix, la moci\u00f3 s&#8217;ha rebutjat amb els vots del Grup PSOE i Comprom\u00eds.<\/p>\n<p>La llengua valenciana tamb\u00e9 ha sigut una q\u00fcesti\u00f3 a tractar. El PP ha interpel\u00b7lat al Ple a instar al Consell la derogaci\u00f3 de la normativa que regula el pluriling\u00fcisme en el sistema educatiu auton\u00f2mic (4\/2018). Tant Esther D\u00edez com Mar\u00eda Jos\u00e9 Mart\u00ednez han argumentat que la cohesi\u00f3 idiom\u00e0tica en la Comunitat est\u00e0 garantida, i que existeix flexibilitat amb les comarques del sud per a adaptar la normativa a les seues realitats socials, la moci\u00f3 no ha sigut aprovada pels vots contraris de PSOE i Comprom\u00eds. \u201cEl coneixement de les tres lleng\u00fces [castell\u00e0, valenci\u00e0 i angl\u00e9s] est\u00e0 completament en vigor en el nostre sistema educatiu, i s&#8217;implanta de manera progressiva, per la qual cosa la normativa no \u00e9s contr\u00e0ria a dret\u201d, ha especificat Mart\u00ednez, qui ha recordat a l&#8217;oposici\u00f3 que l&#8217;exempci\u00f3 del valenci\u00e0 tamb\u00e9 est\u00e0 en vigor, i que s\u00f3n els mateixos centres i consells escolars els qui adeq\u00fcen el seu itinerari formatiu en idiomes.<\/p>\n<p><a href=\"https:\/\/www.elche.es\/wp-content\/uploads\/2020\/01\/DI-TAJO-SEGURA.pdf\">Trasvase Tajo-Segura<\/a><\/p>\n","protected":false},"excerpt":{"rendered":"<p>La Corporaci\u00f3 signa una Declaraci\u00f3 Institucional en suport als agricultors del Camp d\u2019Elx i de la prov\u00edncia d&#8217;Alacant, M\u00farcia i del nord d&#8217;Almeria S&#8217;aprova per unanimitat traslladar al Consell una [&hellip;]<\/p>\n","protected":false},"author":15,"featured_media":108878,"comment_status":"closed","ping_status":"closed","sticky":false,"template":"","format":"standard","meta":{"footnotes":""},"categories":[161,391],"tags":[],"class_list":["post-108792","post","type-post","status-publish","format-standard","has-post-thumbnail","hentry","category-ajuntament","category-home-va"],"_links":{"self":[{"href":"https:\/\/www.elche.es\/va\/wp-json\/wp\/v2\/posts\/108792","targetHints":{"allow":["GET"]}}],"collection":[{"href":"https:\/\/www.elche.es\/va\/wp-json\/wp\/v2\/posts"}],"about":[{"href":"https:\/\/www.elche.es\/va\/wp-json\/wp\/v2\/types\/post"}],"author":[{"embeddable":true,"href":"https:\/\/www.elche.es\/va\/wp-json\/wp\/v2\/users\/15"}],"replies":[{"embeddable":true,"href":"https:\/\/www.elche.es\/va\/wp-json\/wp\/v2\/comments?post=108792"}],"version-history":[{"count":0,"href":"https:\/\/www.elche.es\/va\/wp-json\/wp\/v2\/posts\/108792\/revisions"}],"wp:featuredmedia":[{"embeddable":true,"href":"https:\/\/www.elche.es\/va\/wp-json\/wp\/v2\/media\/108878"}],"wp:attachment":[{"href":"https:\/\/www.elche.es\/va\/wp-json\/wp\/v2\/media?parent=108792"}],"wp:term":[{"taxonomy":"category","embeddable":true,"href":"https:\/\/www.elche.es\/va\/wp-json\/wp\/v2\/categories?post=108792"},{"taxonomy":"post_tag","embeddable":true,"href":"https:\/\/www.elche.es\/va\/wp-json\/wp\/v2\/tags?post=108792"}],"curies":[{"name":"wp","href":"https:\/\/api.w.org\/{rel}","templated":true}]}}