{"id":10903,"date":"2016-12-21T13:56:32","date_gmt":"2016-12-21T12:56:32","guid":{"rendered":"http:\/\/www.elche.es\/va\/2016\/12\/carrera-solidaria-del-colegio-ausias-march\/"},"modified":"2017-01-11T14:31:50","modified_gmt":"2017-01-11T13:31:50","slug":"carrera-solidaria-del-colegio-ausias-march","status":"publish","type":"post","link":"https:\/\/www.elche.es\/va\/2016\/12\/carrera-solidaria-del-colegio-ausias-march\/","title":{"rendered":"Carrera solid\u00e0ria del col\u00b7legi Ausi\u00e0s March."},"content":{"rendered":"<blockquote><p>L\u2019alcalde, Carlos Gonz\u00e1lez, acompanyat per la regidora d\u2019Educaci\u00f3, Patr\u00edcia Maci\u00e0, i la de Benestar Social, Teresa Maci\u00e0, ha entregat este mat\u00ed els premis de la carrera solid\u00e0ria del col\u00b7legi Ausi\u00e0s March.<\/p><\/blockquote>\n<p>M\u00e9s de 800 alumnes de dotze col\u00b7legis han participat en esta quarta edici\u00f3 de la carrera organitzada pel centre en col\u00b7laboraci\u00f3 amb el servici de dinamitzaci\u00f3 de la regidoria de Benestar Social.<br \/>\nHan participat xiquets d\u2019entre 2 i 12 anys.<br \/>\nL\u2019aportaci\u00f3 d\u2019un euro o productes alimentaris no peribles s\u2019entregar\u00e0 a <em>C\u00e1ritas<\/em>.<\/p>\n","protected":false},"excerpt":{"rendered":"<p>L\u2019alcalde, Carlos Gonz\u00e1lez, acompanyat per la regidora d\u2019Educaci\u00f3, Patr\u00edcia Maci\u00e0, i la de Benestar Social, Teresa Maci\u00e0, ha entregat este mat\u00ed els premis de la carrera solid\u00e0ria del col\u00b7legi Ausi\u00e0s [&hellip;]<\/p>\n","protected":false},"author":10,"featured_media":10892,"comment_status":"closed","ping_status":"closed","sticky":false,"template":"","format":"standard","meta":{"footnotes":""},"categories":[190,194],"tags":[],"class_list":["post-10903","post","type-post","status-publish","format-standard","has-post-thumbnail","hentry","category-drets-socials","category-educacio-va"],"_links":{"self":[{"href":"https:\/\/www.elche.es\/va\/wp-json\/wp\/v2\/posts\/10903","targetHints":{"allow":["GET"]}}],"collection":[{"href":"https:\/\/www.elche.es\/va\/wp-json\/wp\/v2\/posts"}],"about":[{"href":"https:\/\/www.elche.es\/va\/wp-json\/wp\/v2\/types\/post"}],"author":[{"embeddable":true,"href":"https:\/\/www.elche.es\/va\/wp-json\/wp\/v2\/users\/10"}],"replies":[{"embeddable":true,"href":"https:\/\/www.elche.es\/va\/wp-json\/wp\/v2\/comments?post=10903"}],"version-history":[{"count":0,"href":"https:\/\/www.elche.es\/va\/wp-json\/wp\/v2\/posts\/10903\/revisions"}],"wp:featuredmedia":[{"embeddable":true,"href":"https:\/\/www.elche.es\/va\/wp-json\/wp\/v2\/media\/10892"}],"wp:attachment":[{"href":"https:\/\/www.elche.es\/va\/wp-json\/wp\/v2\/media?parent=10903"}],"wp:term":[{"taxonomy":"category","embeddable":true,"href":"https:\/\/www.elche.es\/va\/wp-json\/wp\/v2\/categories?post=10903"},{"taxonomy":"post_tag","embeddable":true,"href":"https:\/\/www.elche.es\/va\/wp-json\/wp\/v2\/tags?post=10903"}],"curies":[{"name":"wp","href":"https:\/\/api.w.org\/{rel}","templated":true}]}}