{"id":109139,"date":"2020-01-29T13:57:52","date_gmt":"2020-01-29T12:57:52","guid":{"rendered":"http:\/\/www.elche.es\/va\/?p=109139"},"modified":"2020-01-29T13:57:52","modified_gmt":"2020-01-29T12:57:52","slug":"un-tros-delx-al-continent-gelat","status":"publish","type":"post","link":"https:\/\/www.elche.es\/va\/2020\/01\/un-tros-delx-al-continent-gelat\/","title":{"rendered":"Un tros d&#8217;Elx al continent gelat"},"content":{"rendered":"<blockquote><p>La regidora de Cultura, Marga Ant\u00f3n, expressa el seu orgull i assegura sentir satisfacci\u00f3 que les dues miniatures policromades de la Dama hagen arribat fins a l&#8217;Ant\u00e0rtida embarcades a l&#8217;Hesp\u00e9rides<\/p><\/blockquote>\n<p>Elx trepitja terra ferma a l&#8217;Ant\u00e0rtida. La seua aventura va comen\u00e7ar el <a href=\"https:\/\/www.elche.es\/va\/2019\/11\/elx-viatja-al-pol-sud-amb-lexpedicio-del-vaixell-dinvestigacio-oceanografic-hesperides\/\">12 de noviembre de 2019<\/a>,\u00a0dies despr\u00e9s que la regidora de Cultura, Marga Ant\u00f3n, entregara dues miniatures policromades de la Dama d&#8217;Elx al costat de la documentaci\u00f3 dels tres Patrimonis de la Humanitat al comandant del vaixell oceanogr\u00e0fic Hesp\u00e9rides, Jos\u00e9 Emilio Regod\u00f3n, perqu\u00e8 la cultura il\u00b7licitana l&#8217;acompanyara en aquesta aventura amb la finalitat que aquestes peces recorregueren el continent glacial. Dos mesos despr\u00e9s de salpar des de Cartagena, una de les miniatures ha arribat al Pol Sud, a la base ant\u00e0rtica espanyola Joan Carles I, on estar\u00e0 permanentment, i que en l&#8217;actualitat es troba a m\u00e9s de 12.000 quil\u00f2metres de la ciutat de les palmeres.<\/p>\n<p>Segons ha expressat Ant\u00f3n \u201c\u00e9s una satisfacci\u00f3 per a nosaltres que aquestes escultures representatives de la nostra ciutat hagen arribat fins a l&#8217;Ant\u00e0rtida i servisquen com a mitj\u00e0 per a promocionar Elx\u201d.<br \/>\nD&#8217;altra banda, la resta dels documents i una altra de les miniatures han anat a parar a la biblioteca de l&#8217;Hesp\u00e9rides. El vaixell d&#8217;investigaci\u00f3 forma part de la XXV Campanya Ant\u00e0rtica i s&#8217;hi estan duent a terme m\u00e9s de 13 projectes amb els quals s&#8217;analitzaran els efectes de la crisi clim\u00e0tica i els corrents s\u00edsmics. Segons l&#8217;itinerari es preveu que la nau torne a Espanya el 17 de juny de 2020.<\/p>\n","protected":false},"excerpt":{"rendered":"<p>La regidora de Cultura, Marga Ant\u00f3n, expressa el seu orgull i assegura sentir satisfacci\u00f3 que les dues miniatures policromades de la Dama hagen arribat fins a l&#8217;Ant\u00e0rtida embarcades a l&#8217;Hesp\u00e9rides [&hellip;]<\/p>\n","protected":false},"author":15,"featured_media":109119,"comment_status":"closed","ping_status":"closed","sticky":false,"template":"","format":"standard","meta":{"footnotes":""},"categories":[193,391],"tags":[],"class_list":["post-109139","post","type-post","status-publish","format-standard","has-post-thumbnail","hentry","category-cultura-va","category-home-va"],"_links":{"self":[{"href":"https:\/\/www.elche.es\/va\/wp-json\/wp\/v2\/posts\/109139","targetHints":{"allow":["GET"]}}],"collection":[{"href":"https:\/\/www.elche.es\/va\/wp-json\/wp\/v2\/posts"}],"about":[{"href":"https:\/\/www.elche.es\/va\/wp-json\/wp\/v2\/types\/post"}],"author":[{"embeddable":true,"href":"https:\/\/www.elche.es\/va\/wp-json\/wp\/v2\/users\/15"}],"replies":[{"embeddable":true,"href":"https:\/\/www.elche.es\/va\/wp-json\/wp\/v2\/comments?post=109139"}],"version-history":[{"count":0,"href":"https:\/\/www.elche.es\/va\/wp-json\/wp\/v2\/posts\/109139\/revisions"}],"wp:featuredmedia":[{"embeddable":true,"href":"https:\/\/www.elche.es\/va\/wp-json\/wp\/v2\/media\/109119"}],"wp:attachment":[{"href":"https:\/\/www.elche.es\/va\/wp-json\/wp\/v2\/media?parent=109139"}],"wp:term":[{"taxonomy":"category","embeddable":true,"href":"https:\/\/www.elche.es\/va\/wp-json\/wp\/v2\/categories?post=109139"},{"taxonomy":"post_tag","embeddable":true,"href":"https:\/\/www.elche.es\/va\/wp-json\/wp\/v2\/tags?post=109139"}],"curies":[{"name":"wp","href":"https:\/\/api.w.org\/{rel}","templated":true}]}}