{"id":109772,"date":"2020-02-04T13:33:37","date_gmt":"2020-02-04T12:33:37","guid":{"rendered":"http:\/\/www.elche.es\/va\/?p=109772"},"modified":"2020-02-04T13:34:07","modified_gmt":"2020-02-04T12:34:07","slug":"vicente-alberola-ha-presidido-la-entrega-de-la-recaudacion-recogida-en-la-san-silvestre-ilicitana-2019","status":"publish","type":"post","link":"https:\/\/www.elche.es\/va\/2020\/02\/vicente-alberola-ha-presidido-la-entrega-de-la-recaudacion-recogida-en-la-san-silvestre-ilicitana-2019\/","title":{"rendered":"Vicente Alberola ha presidit el lliurament de la recaptaci\u00f3 recollida en la Sant Silvestre Il\u00b7licitana 2019"},"content":{"rendered":"<p>La Sala del Consell de l&#8217;Ajuntament ha albergat el lliurament de la recaptaci\u00f3 dels dorsals solidaris de la Sant Silvestre Il\u00b7licitana 2019, prova l\u00fadicoesportiva que es va celebrar l&#8217;\u00faltim dia del citat any.<\/p>\n<p>El regidor d&#8217;Esports, Vicente Alberola, ha presidit l&#8217;acte en el qual s&#8217;ha fet lliurament d&#8217;un donatiu de 2.800 euros al Club Esportiu Algar; i, de 775 euros, a l&#8217;Elx Club de Rugbi Uni\u00f3, uns fons perqu\u00e8 totes dues entitats puguen emprendre programes d&#8217;integraci\u00f3 a trav\u00e9s de l&#8217;activitat f\u00edsica.<\/p>\n","protected":false},"excerpt":{"rendered":"<p>La Sala del Consell de l&#8217;Ajuntament ha albergat el lliurament de la recaptaci\u00f3 dels dorsals solidaris de la Sant Silvestre Il\u00b7licitana 2019, prova l\u00fadicoesportiva que es va celebrar l&#8217;\u00faltim dia [&hellip;]<\/p>\n","protected":false},"author":15,"featured_media":109767,"comment_status":"closed","ping_status":"closed","sticky":false,"template":"","format":"standard","meta":{"footnotes":""},"categories":[187],"tags":[],"class_list":["post-109772","post","type-post","status-publish","format-standard","has-post-thumbnail","hentry","category-esports"],"_links":{"self":[{"href":"https:\/\/www.elche.es\/va\/wp-json\/wp\/v2\/posts\/109772","targetHints":{"allow":["GET"]}}],"collection":[{"href":"https:\/\/www.elche.es\/va\/wp-json\/wp\/v2\/posts"}],"about":[{"href":"https:\/\/www.elche.es\/va\/wp-json\/wp\/v2\/types\/post"}],"author":[{"embeddable":true,"href":"https:\/\/www.elche.es\/va\/wp-json\/wp\/v2\/users\/15"}],"replies":[{"embeddable":true,"href":"https:\/\/www.elche.es\/va\/wp-json\/wp\/v2\/comments?post=109772"}],"version-history":[{"count":0,"href":"https:\/\/www.elche.es\/va\/wp-json\/wp\/v2\/posts\/109772\/revisions"}],"wp:featuredmedia":[{"embeddable":true,"href":"https:\/\/www.elche.es\/va\/wp-json\/wp\/v2\/media\/109767"}],"wp:attachment":[{"href":"https:\/\/www.elche.es\/va\/wp-json\/wp\/v2\/media?parent=109772"}],"wp:term":[{"taxonomy":"category","embeddable":true,"href":"https:\/\/www.elche.es\/va\/wp-json\/wp\/v2\/categories?post=109772"},{"taxonomy":"post_tag","embeddable":true,"href":"https:\/\/www.elche.es\/va\/wp-json\/wp\/v2\/tags?post=109772"}],"curies":[{"name":"wp","href":"https:\/\/api.w.org\/{rel}","templated":true}]}}