{"id":109779,"date":"2020-02-04T13:43:18","date_gmt":"2020-02-04T12:43:18","guid":{"rendered":"http:\/\/www.elche.es\/va\/?p=109779"},"modified":"2020-02-04T13:43:18","modified_gmt":"2020-02-04T12:43:18","slug":"elx-aborda-a-paris-les-politiques-locals-de-lluita-contra-lemergencia-climatica","status":"publish","type":"post","link":"https:\/\/www.elche.es\/va\/2020\/02\/elx-aborda-a-paris-les-politiques-locals-de-lluita-contra-lemergencia-climatica\/","title":{"rendered":"Elx aborda a Par\u00eds les pol\u00edtiques locals de lluita contra l&#8217;emerg\u00e8ncia clim\u00e0tica"},"content":{"rendered":"<blockquote><p>L&#8217;Ajuntament d&#8217;Elx ha assistit a la cimera &#8220;Change Now Paris&#8221; del passat divendres 31 de gener de la m\u00e0 de les regidories de Medi Ambient i Mobilitat per a abordar les pol\u00edtiques locals de lluita contra el canvi clim\u00e0tic<\/p><\/blockquote>\n<p>Elx \u00e9s signant del Pacte dels Alcaldes pel Clima i l&#8217;Energia des de 2012, una iniciativa que ve emmarcant des de fa anys l&#8217;estrat\u00e8gia de reducci\u00f3 d&#8217;emissions de gasos contaminants.<\/p>\n<p>A la cita mundial a Par\u00eds ha acudit la responsable de totes dues \u00e0rees, la regidora Esther D\u00edez, qui ha assenyalat la import\u00e0ncia de participar en una trobada d&#8217;aquestes caracter\u00edstiques, on han estat presents tant representants pol\u00edtics principalment de municipis d&#8217;Europa, ciutats d&#8217;altres continents, aix\u00ed com empreses innovadores en el camp de l&#8217;energia, el clima i el medi ambient.<\/p>\n<p>Per a D\u00edez, &#8220;ha sigut una bona oportunitat per a con\u00e9ixer les experi\u00e8ncies d&#8217;altres municipis en pol\u00edtiques de sostenibilitat, aix\u00ed com per a reafirmar el nostre comprom\u00eds amb Europa per a fer d&#8217;Elx un municipi m\u00e9s verd i m\u00e9s amable en el cam\u00ed que vam emprendre la passada legislatura cap a la Capital Verda Europea. Els municipis tenim eines fonamentals per a lluitar contra l&#8217;emerg\u00e8ncia clim\u00e0tica com s\u00f3n la mobilitat sostenible o el tractament dels residus, iniciatives que hem emmarcat en l&#8217;estrat\u00e8gia Elx 2030&#8221;.<\/p>\n<p>Els municipis participants han pogut con\u00e9ixer a fons les experi\u00e8ncies d&#8217;altres ciutats en mat\u00e8ria de mobilitat urbana, biodiversitat o <em>Smart Cities<\/em>, de la m\u00e0 d&#8217;especialistes com el director del programa de carboni neutral d&#8217;H\u00e8lsinki, Kaisa-Reeta Koskinen, o el president de la Comissi\u00f3 de Medi Ambient de San Francisco, Elmy Bermejo, la presidenta del Comit\u00e9 Organitzador de Par\u00eds 2024 per als Jocs Ol\u00edmpics i Paral\u00edmpics, Tony Estanguet, entre molts altres experts.<\/p>\n","protected":false},"excerpt":{"rendered":"<p>L&#8217;Ajuntament d&#8217;Elx ha assistit a la cimera &#8220;Change Now Paris&#8221; del passat divendres 31 de gener de la m\u00e0 de les regidories de Medi Ambient i Mobilitat per a abordar [&hellip;]<\/p>\n","protected":false},"author":15,"featured_media":109774,"comment_status":"closed","ping_status":"closed","sticky":false,"template":"","format":"standard","meta":{"footnotes":""},"categories":[391,211,217],"tags":[],"class_list":["post-109779","post","type-post","status-publish","format-standard","has-post-thumbnail","hentry","category-home-va","category-medi-ambient-va","category-mobilitat"],"_links":{"self":[{"href":"https:\/\/www.elche.es\/va\/wp-json\/wp\/v2\/posts\/109779","targetHints":{"allow":["GET"]}}],"collection":[{"href":"https:\/\/www.elche.es\/va\/wp-json\/wp\/v2\/posts"}],"about":[{"href":"https:\/\/www.elche.es\/va\/wp-json\/wp\/v2\/types\/post"}],"author":[{"embeddable":true,"href":"https:\/\/www.elche.es\/va\/wp-json\/wp\/v2\/users\/15"}],"replies":[{"embeddable":true,"href":"https:\/\/www.elche.es\/va\/wp-json\/wp\/v2\/comments?post=109779"}],"version-history":[{"count":0,"href":"https:\/\/www.elche.es\/va\/wp-json\/wp\/v2\/posts\/109779\/revisions"}],"wp:featuredmedia":[{"embeddable":true,"href":"https:\/\/www.elche.es\/va\/wp-json\/wp\/v2\/media\/109774"}],"wp:attachment":[{"href":"https:\/\/www.elche.es\/va\/wp-json\/wp\/v2\/media?parent=109779"}],"wp:term":[{"taxonomy":"category","embeddable":true,"href":"https:\/\/www.elche.es\/va\/wp-json\/wp\/v2\/categories?post=109779"},{"taxonomy":"post_tag","embeddable":true,"href":"https:\/\/www.elche.es\/va\/wp-json\/wp\/v2\/tags?post=109779"}],"curies":[{"name":"wp","href":"https:\/\/api.w.org\/{rel}","templated":true}]}}