{"id":109954,"date":"2020-02-05T11:05:13","date_gmt":"2020-02-05T10:05:13","guid":{"rendered":"http:\/\/www.elche.es\/va\/?p=109954"},"modified":"2020-02-05T11:05:13","modified_gmt":"2020-02-05T10:05:13","slug":"el-regidor-garcia-ontiveros-formara-part-de-totes-les-comissions-de-ple-i-tindra-veu-en-la-junta-de-portaveus-pero-sense-vot","status":"publish","type":"post","link":"https:\/\/www.elche.es\/va\/2020\/02\/el-regidor-garcia-ontiveros-formara-part-de-totes-les-comissions-de-ple-i-tindra-veu-en-la-junta-de-portaveus-pero-sense-vot\/","title":{"rendered":"El regidor Garc\u00eda-Ontiveros formar\u00e0 part de totes les Comissions de Ple i tindr\u00e0 veu en la Junta de Portaveus, per\u00f2 sense vot"},"content":{"rendered":"<p>En l&#8217;esfera de drets que se li atribueix al regidor no adscrit Eduardo Garc\u00eda- Ontiveros per a l&#8217;acompliment de les seues funcions a l&#8217;Ajuntament d&#8217;Elx, l&#8217;Equip de Govern li permet formar part de totes les Comissions de Ple i tindr\u00e0 veu en la Junta de Portaveus, per\u00f2 sense vot. Podr\u00e0 presentar una moci\u00f3 en el Ple que se celebra cada mes, a m\u00e9s de formular un m\u00e0xim de dos precs i preguntes.<\/p>\n<p>L&#8217;edil no adscrit mantindr\u00e0 la seua dedicaci\u00f3 parcial que se li va adjudicar a l&#8217;inici de la legislatura, per\u00f2 sense l&#8217;assignaci\u00f3 de personal de confian\u00e7a.<\/p>\n<p>Garc\u00eda-Ontiveros ser\u00e0 el primer a pronunciar-se en les sessions plen\u00e0ries tenint en compte que l&#8217;ordre de les intervencions ser\u00e0 de menor a major representaci\u00f3 corporativa.<\/p>\n<p>La reubicaci\u00f3 en el sal\u00f3 de plens de Garc\u00eda-Ontiveros, que ha sigut a petici\u00f3 pr\u00f2pia, es va fer efectiva en l&#8217;\u00faltim Ple, en el qual el regidor no adscrit va romandre assegut enfront del lloc que ocupava en l&#8217;actualitat i on continuar\u00e0 en les pr\u00f2ximes sessions.<\/p>\n","protected":false},"excerpt":{"rendered":"<p>En l&#8217;esfera de drets que se li atribueix al regidor no adscrit Eduardo Garc\u00eda- Ontiveros per a l&#8217;acompliment de les seues funcions a l&#8217;Ajuntament d&#8217;Elx, l&#8217;Equip de Govern li permet [&hellip;]<\/p>\n","protected":false},"author":15,"featured_media":94492,"comment_status":"closed","ping_status":"closed","sticky":false,"template":"","format":"standard","meta":{"footnotes":""},"categories":[161],"tags":[],"class_list":["post-109954","post","type-post","status-publish","format-standard","has-post-thumbnail","hentry","category-ajuntament"],"_links":{"self":[{"href":"https:\/\/www.elche.es\/va\/wp-json\/wp\/v2\/posts\/109954","targetHints":{"allow":["GET"]}}],"collection":[{"href":"https:\/\/www.elche.es\/va\/wp-json\/wp\/v2\/posts"}],"about":[{"href":"https:\/\/www.elche.es\/va\/wp-json\/wp\/v2\/types\/post"}],"author":[{"embeddable":true,"href":"https:\/\/www.elche.es\/va\/wp-json\/wp\/v2\/users\/15"}],"replies":[{"embeddable":true,"href":"https:\/\/www.elche.es\/va\/wp-json\/wp\/v2\/comments?post=109954"}],"version-history":[{"count":0,"href":"https:\/\/www.elche.es\/va\/wp-json\/wp\/v2\/posts\/109954\/revisions"}],"wp:featuredmedia":[{"embeddable":true,"href":"https:\/\/www.elche.es\/va\/wp-json\/wp\/v2\/media\/94492"}],"wp:attachment":[{"href":"https:\/\/www.elche.es\/va\/wp-json\/wp\/v2\/media?parent=109954"}],"wp:term":[{"taxonomy":"category","embeddable":true,"href":"https:\/\/www.elche.es\/va\/wp-json\/wp\/v2\/categories?post=109954"},{"taxonomy":"post_tag","embeddable":true,"href":"https:\/\/www.elche.es\/va\/wp-json\/wp\/v2\/tags?post=109954"}],"curies":[{"name":"wp","href":"https:\/\/api.w.org\/{rel}","templated":true}]}}