{"id":110116,"date":"2020-02-06T12:48:44","date_gmt":"2020-02-06T11:48:44","guid":{"rendered":"http:\/\/www.elche.es\/va\/?p=110116"},"modified":"2020-02-06T12:48:44","modified_gmt":"2020-02-06T11:48:44","slug":"3a-edicio-del-pla-per-al-foment-de-la-cultura-emprenedora-en-una-ciutat-solidaria","status":"publish","type":"post","link":"https:\/\/www.elche.es\/va\/2020\/02\/3a-edicio-del-pla-per-al-foment-de-la-cultura-emprenedora-en-una-ciutat-solidaria\/","title":{"rendered":"3a edici\u00f3 del Pla per al Foment de la Cultura Emprenedora en una Ciutat Solid\u00e0ria"},"content":{"rendered":"<p>Des de la Regidoria de Promoci\u00f3 Econ\u00f2mica es posa en marxa la <strong>3a edici\u00f3 del pla <\/strong>per a<strong> \u201cFoment de la Cultura Emprenedora en una Ciutat Solid\u00e0ria\u201d<\/strong>\u00a0desenvolupat en col\u00b7laboraci\u00f3 amb la Conselleria d&#8217;Economia Sostenible, Sectors Productius, Comer\u00e7 i Treball.<\/p>\n<p><strong>L&#8217;objectiu general del projecte \u00e9s impulsar l&#8217;emprenedoria i l&#8217;autoocupaci\u00f3 entre els joves per a dinamitzar la cultura emprenedora a Elx.<\/strong> En aquesta l\u00ednia es desenvolupa el concurs \u201cIdees Emprenedores\u201d que est\u00e0 dirigit a joves estudiants i que incentivar\u00e0 la creaci\u00f3 d&#8217;idees de negoci originals, innovadores i sobretot, viables.<\/p>\n<p>Fins hui, els resultats han sigut m\u00e9s que exitosos i esperem que continuen millorant al llarg del programa 2020, que comen\u00e7a el pr\u00f2xim 10 de febrer. Fent avaluaci\u00f3 de l&#8217;edici\u00f3 anterior, ens enorgulleix informar que <strong>417 alumnes<\/strong> van ser beneficiats\/des en<strong> 13 centres educatius de la ciutat d&#8217;Elx<\/strong>. En refer\u00e8ncia al concurs, <strong>60 projectes van ser presentats<\/strong> i, posteriorment reconeguts en la corresponent Gala de Premis, la qual cosa suma un total de <strong>141 participants.<\/strong><\/p>\n<p>En concret, les accions programades del pla estan dirigides a estudiants que cursen <strong>educaci\u00f3 secund\u00e0ria (3r i 4t d&#8217;ESO) i\/o cicles formatius (FP b\u00e0sica, cicle mitj\u00e0 i cicle superior).<\/strong><\/p>\n<p><strong>1. Xarrades divulgatives a fi de fomentar la motivaci\u00f3 i la creativitat per a l&#8217;emprenedoria<\/strong>, aix\u00ed com educar en valors com la responsabilitat fiscal, social i mediambiental, amb una metodologia activa i participativa entre la joventut.<\/p>\n<p><strong>2. Tallers per a estimular les idees de creaci\u00f3 d&#8217;empreses amb el format de \u201c<em>ONE-PAGE<\/em>\u201d<\/strong>, on els i les participants treballaran els seus projectes d&#8217;emprenedoria i que podran presentar al concurs \u201cIdees Emprenedores\u201d.<\/p>\n<p><strong>3. Concurs \u201cIdees Emprenedores\u201d<\/strong>, en el qual la gent jove podr\u00e0 presentar per equips el seu projecte d&#8217;idea emprenedora. Es premiar\u00e0 la proposta m\u00e9s original, innovadora i, sobretot, viable.<\/p>\n<p>Els premis del concurs \u201cIdees Emprenedores\u201d estaran dividits en dues categories, ESO i cicles formatius, perqu\u00e8 la igualtat d&#8217;oportunitats siga el m\u00e9s equitativa possible.<\/p>\n<p>Si formes part de la comunitat educativa, no dubtes a participar en aquest projecte. Si eres estudiant d&#8217;<strong>educaci\u00f3 secund\u00e0ria (3r i 4t d&#8217;ESO) i\/o cicles formatius (FP b\u00e0sica, cicle mitj\u00e0 i cicle superior)<\/strong>, parla amb el teu centre per a poder participar en les activitats.<\/p>\n<p>&nbsp;<\/p>\n<p>&nbsp;<\/p>\n<p>&nbsp;<\/p>\n<p>&nbsp;<\/p>\n","protected":false},"excerpt":{"rendered":"<p>Des de la Regidoria de Promoci\u00f3 Econ\u00f2mica es posa en marxa la 3a edici\u00f3 del pla per a \u201cFoment de la Cultura Emprenedora en una Ciutat Solid\u00e0ria\u201d\u00a0desenvolupat en col\u00b7laboraci\u00f3 amb [&hellip;]<\/p>\n","protected":false},"author":15,"featured_media":110046,"comment_status":"closed","ping_status":"closed","sticky":false,"template":"","format":"standard","meta":{"footnotes":""},"categories":[183],"tags":[1999,406,1982],"class_list":["post-110116","post","type-post","status-publish","format-standard","has-post-thumbnail","hentry","category-pomocio-economica","tag-elcheemprende-va","tag-elche-va","tag-promocion-economica-va"],"_links":{"self":[{"href":"https:\/\/www.elche.es\/va\/wp-json\/wp\/v2\/posts\/110116","targetHints":{"allow":["GET"]}}],"collection":[{"href":"https:\/\/www.elche.es\/va\/wp-json\/wp\/v2\/posts"}],"about":[{"href":"https:\/\/www.elche.es\/va\/wp-json\/wp\/v2\/types\/post"}],"author":[{"embeddable":true,"href":"https:\/\/www.elche.es\/va\/wp-json\/wp\/v2\/users\/15"}],"replies":[{"embeddable":true,"href":"https:\/\/www.elche.es\/va\/wp-json\/wp\/v2\/comments?post=110116"}],"version-history":[{"count":0,"href":"https:\/\/www.elche.es\/va\/wp-json\/wp\/v2\/posts\/110116\/revisions"}],"wp:featuredmedia":[{"embeddable":true,"href":"https:\/\/www.elche.es\/va\/wp-json\/wp\/v2\/media\/110046"}],"wp:attachment":[{"href":"https:\/\/www.elche.es\/va\/wp-json\/wp\/v2\/media?parent=110116"}],"wp:term":[{"taxonomy":"category","embeddable":true,"href":"https:\/\/www.elche.es\/va\/wp-json\/wp\/v2\/categories?post=110116"},{"taxonomy":"post_tag","embeddable":true,"href":"https:\/\/www.elche.es\/va\/wp-json\/wp\/v2\/tags?post=110116"}],"curies":[{"name":"wp","href":"https:\/\/api.w.org\/{rel}","templated":true}]}}