{"id":110129,"date":"2020-02-06T12:56:22","date_gmt":"2020-02-06T11:56:22","guid":{"rendered":"http:\/\/www.elche.es\/va\/?p=110129"},"modified":"2020-02-06T12:56:22","modified_gmt":"2020-02-06T11:56:22","slug":"dihuit-informes-denuncia-per-abocaments-diversos-al-gener","status":"publish","type":"post","link":"https:\/\/www.elche.es\/va\/2020\/02\/dihuit-informes-denuncia-per-abocaments-diversos-al-gener\/","title":{"rendered":"D\u00edhuit informes-den\u00fancia per abocaments diversos al gener"},"content":{"rendered":"<ul>\n<li><strong>La majoria de les infraccions detectades s\u00f3n relatives a l&#8217;abandonament en via p\u00fablica de restes de poda i\/o estris.<\/strong><\/li>\n<li><strong>Les sancions oscil\u00b7len entre 601 i 30.000 euros, segons les circumst\u00e0ncies i reincid\u00e8ncia.<\/strong><\/li>\n<\/ul>\n<p>Durant el mes de gener, la Unitat d&#8217;UMA (Urbanitat i Medi Ambient), ha identificat fins a 18 infraccions per abocaments en diferents punts del terme municipal.<\/p>\n<p>Entre els informes-den\u00fancia remesos al negociat sancionador destaquen els relatius a l&#8217;abandonament en via p\u00fablica de restes de poda i\/o estris. Tots dos productes de residu disposen d&#8217;espais o serveis municipals habilitats per a la seua recollida i tractament, no obstant aix\u00f2, han suposat 8 den\u00fancies \u00fanicament en aquest mes de gener. Tamb\u00e9 s&#8217;ha identificat les i els autors d&#8217;abocament d&#8217;enderrocs d&#8217;obra, cartonatges resultants de l&#8217;activitat comercial, restes de marroquineria i material de rebuig de la producci\u00f3 de cal\u00e7at, aix\u00ed com de fem fora dels punts habilitats.<\/p>\n<p>D&#8217;altra banda, cal assenyalar que aix\u00f2 suposa \u00fanicament la xifra dels informes amb autor identificat fins al moment, existeixen diversos registres m\u00e9s oberts a l&#8217;espera de finalitzar aquesta gesti\u00f3. Aquestes actuacions s&#8217;han distribu\u00eft per diferents \u00e0rees d&#8217;Elx, sense centrar-se exclusivament en el seu nucli urb\u00e0, com poden ser el Pant\u00e0, la Marina, Algor\u00f3s o els Arenals del Sol, entre altres.<\/p>\n<p>Les sancions per aquests fets oscil\u00b7len entre els 601 i els 30.000 euros per a l&#8217;abocament il\u00b7legal de residus no perillosos, amb les quanties multiplicades per 10\u00a0 en cas de suposar un risc o perill per al medi ambient o greu perill per a la salut de les persones.<\/p>\n","protected":false},"excerpt":{"rendered":"<p>La majoria de les infraccions detectades s\u00f3n relatives a l&#8217;abandonament en via p\u00fablica de restes de poda i\/o estris. Les sancions oscil\u00b7len entre 601 i 30.000 euros, segons les circumst\u00e0ncies [&hellip;]<\/p>\n","protected":false},"author":15,"featured_media":110043,"comment_status":"closed","ping_status":"closed","sticky":false,"template":"","format":"standard","meta":{"footnotes":""},"categories":[238],"tags":[],"class_list":["post-110129","post","type-post","status-publish","format-standard","has-post-thumbnail","hentry","category-policia-local-va"],"_links":{"self":[{"href":"https:\/\/www.elche.es\/va\/wp-json\/wp\/v2\/posts\/110129","targetHints":{"allow":["GET"]}}],"collection":[{"href":"https:\/\/www.elche.es\/va\/wp-json\/wp\/v2\/posts"}],"about":[{"href":"https:\/\/www.elche.es\/va\/wp-json\/wp\/v2\/types\/post"}],"author":[{"embeddable":true,"href":"https:\/\/www.elche.es\/va\/wp-json\/wp\/v2\/users\/15"}],"replies":[{"embeddable":true,"href":"https:\/\/www.elche.es\/va\/wp-json\/wp\/v2\/comments?post=110129"}],"version-history":[{"count":0,"href":"https:\/\/www.elche.es\/va\/wp-json\/wp\/v2\/posts\/110129\/revisions"}],"wp:featuredmedia":[{"embeddable":true,"href":"https:\/\/www.elche.es\/va\/wp-json\/wp\/v2\/media\/110043"}],"wp:attachment":[{"href":"https:\/\/www.elche.es\/va\/wp-json\/wp\/v2\/media?parent=110129"}],"wp:term":[{"taxonomy":"category","embeddable":true,"href":"https:\/\/www.elche.es\/va\/wp-json\/wp\/v2\/categories?post=110129"},{"taxonomy":"post_tag","embeddable":true,"href":"https:\/\/www.elche.es\/va\/wp-json\/wp\/v2\/tags?post=110129"}],"curies":[{"name":"wp","href":"https:\/\/api.w.org\/{rel}","templated":true}]}}