{"id":110179,"date":"2020-02-06T14:52:47","date_gmt":"2020-02-06T13:52:47","guid":{"rendered":"http:\/\/www.elche.es\/va\/?p=110179"},"modified":"2020-02-06T14:52:47","modified_gmt":"2020-02-06T13:52:47","slug":"lalcalde-de-chinguetti-ha-visitat-elx-per-a-coneixer-el-seu-palmerar-historic","status":"publish","type":"post","link":"https:\/\/www.elche.es\/va\/2020\/02\/lalcalde-de-chinguetti-ha-visitat-elx-per-a-coneixer-el-seu-palmerar-historic\/","title":{"rendered":"L&#8217;alcalde de Chinguetti ha visitat Elx per a con\u00e9ixer el seu palmerar Hist\u00f2ric"},"content":{"rendered":"<p>El regidor i la regidora de l&#8217;Ajuntament d&#8217;Elx, H\u00e9ctor D\u00edez, i Esther D\u00edez, han rebut aquest mat\u00ed en Alcaldia a Mohamed Ould Amara , alcalde de Chinguetti (Desert del S\u00e0hara &#8211; Maurit\u00e0nia) que ha visitat Elx amb l&#8217;objectiu de con\u00e9ixer el seu palmerar Hist\u00f2ric i la producci\u00f3 de d\u00e0til que ac\u00ed s&#8217;est\u00e0 duent a terme.<\/p>\n<p>Chinguetti \u00e9s la setena ciutat Santa de l&#8217;Islam, \u00e9s la capital cultural de Maurit\u00e0nia i \u00e9s Patrimoni de la Humanitat de la Unesco. Posseeix diversos oasis amb milers de palmeres i per aix\u00f2 Mohamed Amara ha visitat Elx per a con\u00e9ixer de primera m\u00e0 tot el que estiga relacionat amb la conservaci\u00f3 i cura del Palmerar.<\/p>\n<p>El regidors il\u00b7licitans, a m\u00e9s d&#8217;explicar a l&#8217;alcalde de Chinguetti les pol\u00edtiques de conservaci\u00f3 i protecci\u00f3 del Palmerar Hist\u00f2ric il\u00b7licit\u00e0, l&#8217;han posat en contacte amb productors\/es locals.<\/p>\n","protected":false},"excerpt":{"rendered":"<p>El regidor i la regidora de l&#8217;Ajuntament d&#8217;Elx, H\u00e9ctor D\u00edez, i Esther D\u00edez, han rebut aquest mat\u00ed en Alcaldia a Mohamed Ould Amara , alcalde de Chinguetti (Desert del S\u00e0hara [&hellip;]<\/p>\n","protected":false},"author":15,"featured_media":110165,"comment_status":"closed","ping_status":"closed","sticky":false,"template":"","format":"standard","meta":{"footnotes":""},"categories":[161],"tags":[],"class_list":["post-110179","post","type-post","status-publish","format-standard","has-post-thumbnail","hentry","category-ajuntament"],"_links":{"self":[{"href":"https:\/\/www.elche.es\/va\/wp-json\/wp\/v2\/posts\/110179","targetHints":{"allow":["GET"]}}],"collection":[{"href":"https:\/\/www.elche.es\/va\/wp-json\/wp\/v2\/posts"}],"about":[{"href":"https:\/\/www.elche.es\/va\/wp-json\/wp\/v2\/types\/post"}],"author":[{"embeddable":true,"href":"https:\/\/www.elche.es\/va\/wp-json\/wp\/v2\/users\/15"}],"replies":[{"embeddable":true,"href":"https:\/\/www.elche.es\/va\/wp-json\/wp\/v2\/comments?post=110179"}],"version-history":[{"count":0,"href":"https:\/\/www.elche.es\/va\/wp-json\/wp\/v2\/posts\/110179\/revisions"}],"wp:featuredmedia":[{"embeddable":true,"href":"https:\/\/www.elche.es\/va\/wp-json\/wp\/v2\/media\/110165"}],"wp:attachment":[{"href":"https:\/\/www.elche.es\/va\/wp-json\/wp\/v2\/media?parent=110179"}],"wp:term":[{"taxonomy":"category","embeddable":true,"href":"https:\/\/www.elche.es\/va\/wp-json\/wp\/v2\/categories?post=110179"},{"taxonomy":"post_tag","embeddable":true,"href":"https:\/\/www.elche.es\/va\/wp-json\/wp\/v2\/tags?post=110179"}],"curies":[{"name":"wp","href":"https:\/\/api.w.org\/{rel}","templated":true}]}}