{"id":110192,"date":"2020-02-06T16:04:38","date_gmt":"2020-02-06T15:04:38","guid":{"rendered":"http:\/\/www.elche.es\/va\/?p=110192"},"modified":"2020-02-06T16:04:38","modified_gmt":"2020-02-06T15:04:38","slug":"lestudi-de-biodiversitat-impulsat-per-lajuntament-detecta-lexistencia-per-primera-vegada-del-gat-muntes-al-panta","status":"publish","type":"post","link":"https:\/\/www.elche.es\/va\/2020\/02\/lestudi-de-biodiversitat-impulsat-per-lajuntament-detecta-lexistencia-per-primera-vegada-del-gat-muntes-al-panta\/","title":{"rendered":"L&#8217;estudi de biodiversitat impulsat per l&#8217;Ajuntament detecta l&#8217;exist\u00e8ncia per primera vegada del gat munt\u00e9s al pant\u00e0"},"content":{"rendered":"<blockquote><p>La regidora de Medi Ambient, Esther D\u00edez, assegura que la investigaci\u00f3 constata la pres\u00e8ncia de gran riquesa en flora i fauna<\/p>\n<p>Les conseq\u00fc\u00e8ncies del canvi clim\u00e0tic han provocat la proliferaci\u00f3 del mosquit tigre i els canvis en l&#8217;h\u00e0bitat dels ocells migradors<\/p><\/blockquote>\n<p>Des de fa quatre anys l&#8217;Ajuntament d&#8217;Elx i l&#8217;oficina ambiental de la Universitat Miguel Hern\u00e1ndez (UMH), venen desenvolupant un projecte que t\u00e9 com a objectiu preservar i estudiar la biodiversitat del pant\u00e0, aix\u00ed com aconseguir una categoria de protecci\u00f3 ambiental a nivell local i europeu. A causa de la import\u00e0ncia de traslladar la transcend\u00e8ncia de les dades recollides en l&#8217;\u00faltim informe realitzat en 2019, la regidora de Medi Ambient, Esther D\u00edez, acompanyada del coordinador de l&#8217;\u00e0rea, Juan Carlos Aranda, i els membres de l&#8217;oficina ambiental de la UMH, Pablo Perales, i Debora Ant\u00f3n, ha assenyalat que la investigaci\u00f3 ha perm\u00e9s constatar la pres\u00e8ncia de gran riquesa en flora i fauna. Concretament, durant l&#8217;estudi s&#8217;ha descobert per primera vegada l&#8217;exist\u00e8ncia del gat munt\u00e9s al pant\u00e0, una troballa que refor\u00e7a el treball perqu\u00e8 l&#8217;enclavament es declare com a Paratge Natural Municipal, que \u00e9s l&#8217;objectiu que persegueix la Regidoria.<\/p>\n<p>Respecte a la flora, l&#8217;assessor del projecte, Pablo Perales, ha explicat que s&#8217;ha incrementat el nombre d&#8217;esp\u00e8cies a 382. Enguany s&#8217;ha ampliat la distribuci\u00f3 de moltes d&#8217;aquestes. Segons ha destacat Perales \u201cl&#8217;orqu\u00eddia gegant \u00e9s una de les esp\u00e8cies protegides m\u00e9s vistoses i s&#8217;ha fet el seguiment per a la seua protecci\u00f3, aix\u00ed com el d&#8217;unes altres\u201d. Tamb\u00e9 han tingut gran protagonisme els fongs a causa de les passades fortes pluges propiciades per la DANA.<br \/>\nA m\u00e9s de vegetaci\u00f3, segons ha explicat Perales, existeixen nombroses varietats de r\u00e8ptils com la granoteta de punts, la colobreta cega o el lludri\u00f3 ib\u00e8ric.<\/p>\n<p>Les conseq\u00fc\u00e8ncies del canvi clim\u00e0tic tamb\u00e9 han provocat la proliferaci\u00f3 del mosquit tigre i els canvis en l&#8217;h\u00e0bitat dels ocells migradors. L&#8217;investigador ha assegurat que s&#8217;ha redu\u00eft el nombre d&#8217;esp\u00e8cies aqu\u00e0tiques, no obstant aix\u00f2, ha proliferat fins a 14 exemplars de la cigonya blanca. Tamb\u00e9 s&#8217;han tornat a trobar despr\u00e9s de dos anys sense la seua pres\u00e8ncia ocells com l&#8217;\u00e0nec capblanc, una esp\u00e8cie d&#8217;ocell en perill d&#8217;extinci\u00f3 que va registrar en aquest \u00faltim informe el seu major n\u00famero des que es va iniciar el projecte.<\/p>\n<p>Perales, ha indicat que fins i tot existeix una poblaci\u00f3 de cavallets, un ocell que tamb\u00e9 est\u00e0 protegit i ha informat sobre els primers anellaments cient\u00edfics realitzats amb els quals ha sigut possible con\u00e9ixer millor la riquesa ornitol\u00f2gica d&#8217;aquest enclavament urb\u00e0, augmentar les dades i la informaci\u00f3 sobre l&#8217;estrat\u00e8gia de migraci\u00f3 dels ocells com el blauet.<br \/>\nAltres animals tamb\u00e9 han cridat l&#8217;atenci\u00f3 \u00faltimament, com les ratapinyades o l&#8217;aparici\u00f3 de ll\u00fadries en una de les estacions de seguiment i detecci\u00f3 de mam\u00edfers, que s&#8217;han establit en l&#8217;espai natural per a detectar la pres\u00e8ncia de fauna en el carrissar.<\/p>\n<p>Per part seua, Debora Ant\u00f3n ha recordat la gran labor de conscienciaci\u00f3 que realitzen des de la UMH mitjan\u00e7ant la impartici\u00f3 de tallers i activitats d&#8217;educaci\u00f3 ambiental.<\/p>\n<p>L&#8217;Ajuntament ha realitzat amb aquest conveni una aportaci\u00f3 de 5.000 euros, que se suma als 12.000 euros que aporta el Vicerectorat de Sostenibilitat de la UMH en forma de beca. El responsable d&#8217;aquesta \u00e0rea, Ra\u00fal Reina, ha apuntat la necessitat de continuar estrenyent aquests lla\u00e7os com a part de l&#8217;Agenda 2030.<\/p>\n","protected":false},"excerpt":{"rendered":"<p>La regidora de Medi Ambient, Esther D\u00edez, assegura que la investigaci\u00f3 constata la pres\u00e8ncia de gran riquesa en flora i fauna Les conseq\u00fc\u00e8ncies del canvi clim\u00e0tic han provocat la proliferaci\u00f3 [&hellip;]<\/p>\n","protected":false},"author":15,"featured_media":110188,"comment_status":"closed","ping_status":"closed","sticky":false,"template":"","format":"standard","meta":{"footnotes":""},"categories":[211],"tags":[],"class_list":["post-110192","post","type-post","status-publish","format-standard","has-post-thumbnail","hentry","category-medi-ambient-va"],"_links":{"self":[{"href":"https:\/\/www.elche.es\/va\/wp-json\/wp\/v2\/posts\/110192","targetHints":{"allow":["GET"]}}],"collection":[{"href":"https:\/\/www.elche.es\/va\/wp-json\/wp\/v2\/posts"}],"about":[{"href":"https:\/\/www.elche.es\/va\/wp-json\/wp\/v2\/types\/post"}],"author":[{"embeddable":true,"href":"https:\/\/www.elche.es\/va\/wp-json\/wp\/v2\/users\/15"}],"replies":[{"embeddable":true,"href":"https:\/\/www.elche.es\/va\/wp-json\/wp\/v2\/comments?post=110192"}],"version-history":[{"count":0,"href":"https:\/\/www.elche.es\/va\/wp-json\/wp\/v2\/posts\/110192\/revisions"}],"wp:featuredmedia":[{"embeddable":true,"href":"https:\/\/www.elche.es\/va\/wp-json\/wp\/v2\/media\/110188"}],"wp:attachment":[{"href":"https:\/\/www.elche.es\/va\/wp-json\/wp\/v2\/media?parent=110192"}],"wp:term":[{"taxonomy":"category","embeddable":true,"href":"https:\/\/www.elche.es\/va\/wp-json\/wp\/v2\/categories?post=110192"},{"taxonomy":"post_tag","embeddable":true,"href":"https:\/\/www.elche.es\/va\/wp-json\/wp\/v2\/tags?post=110192"}],"curies":[{"name":"wp","href":"https:\/\/api.w.org\/{rel}","templated":true}]}}