{"id":110266,"date":"2020-02-07T12:55:30","date_gmt":"2020-02-07T11:55:30","guid":{"rendered":"http:\/\/www.elche.es\/va\/?p=110266"},"modified":"2020-02-07T12:56:13","modified_gmt":"2020-02-07T11:56:13","slug":"mariano-valera-visita-el-menjador-social-al-taufik-a-carrus","status":"publish","type":"post","link":"https:\/\/www.elche.es\/va\/2020\/02\/mariano-valera-visita-el-menjador-social-al-taufik-a-carrus\/","title":{"rendered":"Mariano Valera visita el menjador social Al-Taufik a Carr\u00fas"},"content":{"rendered":"<blockquote><p>El responsable de l&#8217;\u00c0rea de Drets Socials i Pol\u00edtiques Inclusives, Mariano Valera, ha compartit taula amb els responsables del menjador social que la Comunitat Isl\u00e0mica Al-Taufik regenta en el n\u00famero 90 del carrer Gin\u00e9s Garc\u00eda Esquitino, a Carr\u00fas<\/p><\/blockquote>\n<p>En les instal\u00b7lacions, els qui aix\u00ed ho requereixen, troben les seues necessitats gastron\u00f2miques cobertes independentment de les seues creences; un exemple del clima de diversitat, integraci\u00f3 i conviv\u00e8ncia que es respira en el municipi il\u00b7licit\u00e0.<\/p>\n<p>Concretament, en Al-<span class=\"hiddenSpellError\">Taufik<\/span> se serveixen plats per a prop d&#8217;un centenar de comensals diaris, una activitat que desenvolupa gr\u00e0cies al suport econ\u00f2mic prestat pel consistori, que mant\u00e9 un conveni de col\u00b7laboraci\u00f3 amb l&#8217;organitzaci\u00f3 musulmana pel qual es compromet a dotar-la amb 38.000 euros anualment \u2013incrementant-se en 3.000 euros respecte a 2019\u2013 per a garantir el funcionament del menjador social.<\/p>\n<p>En la sobretaula, Valera i els coordinadors d&#8217;Al-<span class=\"hiddenSpellError\">Taufik<\/span>, el matrimoni compost per <span class=\"hiddenSpellError\">Ahmed<\/span> <span class=\"hiddenSpellError\">Zarrouk<\/span> i la seua esposa <span class=\"hiddenSpellError\">Mar\u00eda<\/span> <span class=\"hiddenSpellError\">Eugenia<\/span> <span class=\"hiddenSpellError\">Berm\u00fadez<\/span>, han pogut avaluar l&#8217;activitat del menjador i esbossar un protocol de coordinaci\u00f3 entre aquest servei i l&#8217;administraci\u00f3 local amb la finalitat d&#8217;atendre amb major efic\u00e0cia a aquells comensals que precisen l&#8217;assist\u00e8ncia de la Regidoria dirigida per Valera.<\/p>\n<p>&#8220;Des de l&#8217;Ajuntament d&#8217;Elx volem estar al costat d&#8217;aquestes entitats solid\u00e0ries&#8221;, ha manifestat el regidor, que ha informat que aquesta visita \u00e9s una m\u00e9s de les que t\u00e9 previst realitzar a entitats <span class=\"hiddenSpellError\">conveniades<\/span> o subvencionades per l&#8217;Ajuntament per a &#8220;fer-los un seguiment i que se senten acompanyades&#8221;.<\/p>\n<p>&nbsp;<\/p>\n","protected":false},"excerpt":{"rendered":"<p>El responsable de l&#8217;\u00c0rea de Drets Socials i Pol\u00edtiques Inclusives, Mariano Valera, ha compartit taula amb els responsables del menjador social que la Comunitat Isl\u00e0mica Al-Taufik regenta en el n\u00famero [&hellip;]<\/p>\n","protected":false},"author":15,"featured_media":110237,"comment_status":"closed","ping_status":"closed","sticky":false,"template":"","format":"standard","meta":{"footnotes":""},"categories":[190],"tags":[],"class_list":["post-110266","post","type-post","status-publish","format-standard","has-post-thumbnail","hentry","category-drets-socials"],"_links":{"self":[{"href":"https:\/\/www.elche.es\/va\/wp-json\/wp\/v2\/posts\/110266","targetHints":{"allow":["GET"]}}],"collection":[{"href":"https:\/\/www.elche.es\/va\/wp-json\/wp\/v2\/posts"}],"about":[{"href":"https:\/\/www.elche.es\/va\/wp-json\/wp\/v2\/types\/post"}],"author":[{"embeddable":true,"href":"https:\/\/www.elche.es\/va\/wp-json\/wp\/v2\/users\/15"}],"replies":[{"embeddable":true,"href":"https:\/\/www.elche.es\/va\/wp-json\/wp\/v2\/comments?post=110266"}],"version-history":[{"count":0,"href":"https:\/\/www.elche.es\/va\/wp-json\/wp\/v2\/posts\/110266\/revisions"}],"wp:featuredmedia":[{"embeddable":true,"href":"https:\/\/www.elche.es\/va\/wp-json\/wp\/v2\/media\/110237"}],"wp:attachment":[{"href":"https:\/\/www.elche.es\/va\/wp-json\/wp\/v2\/media?parent=110266"}],"wp:term":[{"taxonomy":"category","embeddable":true,"href":"https:\/\/www.elche.es\/va\/wp-json\/wp\/v2\/categories?post=110266"},{"taxonomy":"post_tag","embeddable":true,"href":"https:\/\/www.elche.es\/va\/wp-json\/wp\/v2\/tags?post=110266"}],"curies":[{"name":"wp","href":"https:\/\/api.w.org\/{rel}","templated":true}]}}