{"id":110273,"date":"2020-02-07T13:06:58","date_gmt":"2020-02-07T12:06:58","guid":{"rendered":"http:\/\/www.elche.es\/va\/?p=110273"},"modified":"2020-02-07T13:16:19","modified_gmt":"2020-02-07T12:16:19","slug":"lalcalde-reclamara-al-consell-de-salut-de-lhospital-del-vinalopo-solucions-urgents-als-problemes-del-centre-de-salut-del-toscar","status":"publish","type":"post","link":"https:\/\/www.elche.es\/va\/2020\/02\/lalcalde-reclamara-al-consell-de-salut-de-lhospital-del-vinalopo-solucions-urgents-als-problemes-del-centre-de-salut-del-toscar\/","title":{"rendered":"L&#8217;alcalde reclamar\u00e0 al Consell de Salut de l&#8217;Hospital del Vinalop\u00f3 solucions urgents als problemes del centre de salut del Toscar"},"content":{"rendered":"<blockquote><p>Carlos Gonz\u00e1lez diu que ent\u00e9n el malestar de ve\u00efns i usuaris i urgeix mesures per a cobrir baixes m\u00e8diques, millorar les plantilles o reduir les llistes d&#8217;espera<\/p>\n<p>El responsable de l&#8217;Equip de Govern Municipal explica que \u201caquesta situaci\u00f3 no es dona a l&#8217;altre costat del riu, on l&#8217;assist\u00e8ncia la presta directament la Conselleria\u201d<\/p><\/blockquote>\n<p>L&#8217;alcalde d&#8217;Elx, <span class=\"hiddenSpellError\">Carlos<\/span> Gonz\u00e1lez, reclamar\u00e0 al Consell de Salut de l&#8217;Hospital del Vinalop\u00f3, convocat per al pr\u00f2xim dia 14, mesures urgents que solucionen problemes generats en el centre de salut del Toscar.<\/p>\n<p>Gonz\u00e1lez, que presideix aquest Consell, ent\u00e9n que \u00e9s necessari millorar la situaci\u00f3 del centre, que ha generat protestes ve\u00efnals i d&#8217;usuaris, que reclamen la cobertura de les baixes, completar la plantilla de metges, reduir les llistes d&#8217;espera i posar fi als freq\u00fcents canvis de metges.<\/p>\n<p>L&#8217;alcalde explica que ent\u00e9n perfectament el malestar dels usuaris i precisa que s&#8217;han de prendre mesures correctores amb la finalitat d&#8217;oferir com m\u00e9s prompte millor un servei de qualitat d&#8217;acord amb els nivells exigibles a la sanitat p\u00fablica.<\/p>\n<p>El responsable de l&#8217;Equip de Govern Municipal considera que &#8220;aquesta situaci\u00f3 no es dona a l&#8217;altre costat del riu, on l&#8217;assist\u00e8ncia la presta directament la Conselleria i no una empresa privada a trav\u00e9s d&#8217;una concessi\u00f3 com \u00e9s el cas de l&#8217;\u00e0mbit de salut de l&#8217;Hospital del Vinalop\u00f3&#8221;. <span class=\"hiddenGrammarError\">La Conselleria, ent\u00e9n<\/span> Gonz\u00e1lez, &#8220;ha de ser exigent en els est\u00e0ndards de qualitat sanit\u00e0ria amb l&#8217;empresa privada que presta el servei&#8221;.<\/p>\n<p><strong>Assist\u00e8ncia asim\u00e8trica<\/strong><\/p>\n<p><span class=\"hiddenSpellError\">Carlos<\/span> Gonz\u00e1lez tamb\u00e9 incideix en el fet que &#8220;\u00e9s preocupant que el sistema ideat i posat en marxa pel Consell del PP genere una assist\u00e8ncia asim\u00e8trica als pacients depenent del marge del riu en el qual visquen, una cosa inadmissible perqu\u00e8 trenca el dret que tenen els il\u00b7licitans i les il\u00b7licitanes a rebre la mateixa assist\u00e8ncia i prestacions&#8221;.<\/p>\n<p>El regidor il\u00b7licit\u00e0, que est\u00e0 conven\u00e7ut de la reversi\u00f3 de l&#8217;hospital a la gesti\u00f3 p\u00fablica en 2025, demana a l&#8217;empresa concession\u00e0ria &#8220;que s&#8217;esforce al m\u00e0xim en els anys que li queden de concessi\u00f3 per a evitar aquestes disfuncions que perjudiquen la ciutadania en una cosa tan important com l&#8217;assist\u00e8ncia sanit\u00e0ria, que complete les plantilles de metges i les <span class=\"hiddenSpellError\">fidelitze<\/span> per a aix\u00ed evitar continus canvis de professionals&#8221;.<\/p>\n<p>Els ve\u00efns han convocat una concentraci\u00f3 per al pr\u00f2xim dia 10 a les portes del centre.<\/p>\n<p>&nbsp;<\/p>\n","protected":false},"excerpt":{"rendered":"<p>Carlos Gonz\u00e1lez diu que ent\u00e9n el malestar de ve\u00efns i usuaris i urgeix mesures per a cobrir baixes m\u00e8diques, millorar les plantilles o reduir les llistes d&#8217;espera El responsable de [&hellip;]<\/p>\n","protected":false},"author":15,"featured_media":66716,"comment_status":"closed","ping_status":"closed","sticky":false,"template":"","format":"standard","meta":{"footnotes":""},"categories":[391,893],"tags":[],"class_list":["post-110273","post","type-post","status-publish","format-standard","has-post-thumbnail","hentry","category-home-va","category-sanidad-va"],"_links":{"self":[{"href":"https:\/\/www.elche.es\/va\/wp-json\/wp\/v2\/posts\/110273","targetHints":{"allow":["GET"]}}],"collection":[{"href":"https:\/\/www.elche.es\/va\/wp-json\/wp\/v2\/posts"}],"about":[{"href":"https:\/\/www.elche.es\/va\/wp-json\/wp\/v2\/types\/post"}],"author":[{"embeddable":true,"href":"https:\/\/www.elche.es\/va\/wp-json\/wp\/v2\/users\/15"}],"replies":[{"embeddable":true,"href":"https:\/\/www.elche.es\/va\/wp-json\/wp\/v2\/comments?post=110273"}],"version-history":[{"count":0,"href":"https:\/\/www.elche.es\/va\/wp-json\/wp\/v2\/posts\/110273\/revisions"}],"wp:featuredmedia":[{"embeddable":true,"href":"https:\/\/www.elche.es\/va\/wp-json\/wp\/v2\/media\/66716"}],"wp:attachment":[{"href":"https:\/\/www.elche.es\/va\/wp-json\/wp\/v2\/media?parent=110273"}],"wp:term":[{"taxonomy":"category","embeddable":true,"href":"https:\/\/www.elche.es\/va\/wp-json\/wp\/v2\/categories?post=110273"},{"taxonomy":"post_tag","embeddable":true,"href":"https:\/\/www.elche.es\/va\/wp-json\/wp\/v2\/tags?post=110273"}],"curies":[{"name":"wp","href":"https:\/\/api.w.org\/{rel}","templated":true}]}}