{"id":110663,"date":"2020-02-13T14:52:44","date_gmt":"2020-02-13T13:52:44","guid":{"rendered":"http:\/\/www.elche.es\/va\/?p=110663"},"modified":"2020-02-13T14:52:44","modified_gmt":"2020-02-13T13:52:44","slug":"la-policia-nacional-delx-celebra-amb-un-acte-en-la-comissaria-el-196-aniversari-de-la-creacio-del-cos","status":"publish","type":"post","link":"https:\/\/www.elche.es\/va\/2020\/02\/la-policia-nacional-delx-celebra-amb-un-acte-en-la-comissaria-el-196-aniversari-de-la-creacio-del-cos\/","title":{"rendered":"La Policia Nacional d&#8217;Elx celebra amb un acte en la Comissaria el 196 aniversari de la creaci\u00f3 del Cos"},"content":{"rendered":"<blockquote><p>El comissari reconeix amb el lliurament d&#8217;una m\u00e8topa el treball del regidor de Seguretat, Ram\u00f3n Abad; del comissari principal de la Policia Local, C\u00e9sar Zaragoza; del pedani de Daim\u00e9s, Carmelo Llorens; i dels empresaris Juan Per\u00e1n i Joaqu\u00edn P\u00e9rez<\/p><\/blockquote>\n<p>La Policia Nacional ha distingit amb una m\u00e8topa pel seu treball el regidor de Seguretat de l&#8217;Ajuntament d&#8217;Elx, Ram\u00f3n Abad; el comissari principal de la Policia Local, C\u00e9sar Zaragoza; el pedani de Daim\u00e9s, Carmelo Llorens; i els empresaris Juan Per\u00e1n i Joaqu\u00edn P\u00e9rez, durant la celebraci\u00f3 a la ccomissaria il\u00b7licitana del 196 aniversari de la creaci\u00f3 del Cos. L&#8217;acte, presidit pel comissari, Pedro Montore Barrachina, s&#8217;ha celebrat a l&#8217;aula polivalent de la Comissaria i ha comptat amb una nodrida representaci\u00f3 de comandaments i agents.<\/p>\n<p>Montore va fer un rep\u00e0s hist\u00f2ric del Cos, l&#8217;origen del qual data del 13 de gener de 1824 amb la creaci\u00f3 de la Policia General del Regne per part de Ferran VII. El comissari ha destacat que la Policia Nacional \u201c\u00e9s una de les m\u00e9s veteranes del m\u00f3n\u201d i ha expressat que \u201cha anat evolucionant i adaptant-se als avatars hist\u00f2rics d&#8217;Espanya i sempre ha estat molt unida a la ciutadania, a la qual serveix. El treball policial \u00e9s una forma de vida. S\u00f3n quasi dos segles d&#8217;entrega i esfor\u00e7, esperit de servei i lleialtat que ha donat lloc al fet que la Policia Nacional siga una de les institucions m\u00e9s valorades i que m\u00e9s confian\u00e7a inspira a la gent d&#8217;Espanya i a qui ens visita\u201d.<\/p>\n<p>El comissari ha destacat tamb\u00e9 el creixent paper de la dona en el si del Cos i ha tingut un emotiu record per als companys que han mort en acte de servei. El regidor ha felicitat totes i tots els membres de la Policia Nacional per la seua dedicaci\u00f3 al servei de la ciutadania i per la commemoraci\u00f3 d&#8217;aquesta efem\u00e8ride.<\/p>\n<p>Durant la celebraci\u00f3 s&#8217;ha projectat un v\u00eddeo sobre l&#8217;evoluci\u00f3 del Cos i les seues diferents fites hist\u00f2riques. L&#8217;acte ha concl\u00f2s amb un vi d&#8217;honor en les instal\u00b7lacions policials.<\/p>\n","protected":false},"excerpt":{"rendered":"<p>El comissari reconeix amb el lliurament d&#8217;una m\u00e8topa el treball del regidor de Seguretat, Ram\u00f3n Abad; del comissari principal de la Policia Local, C\u00e9sar Zaragoza; del pedani de Daim\u00e9s, Carmelo [&hellip;]<\/p>\n","protected":false},"author":15,"featured_media":110599,"comment_status":"closed","ping_status":"closed","sticky":false,"template":"","format":"standard","meta":{"footnotes":""},"categories":[1546],"tags":[],"class_list":["post-110663","post","type-post","status-publish","format-standard","has-post-thumbnail","hentry","category-emergencias-va"],"_links":{"self":[{"href":"https:\/\/www.elche.es\/va\/wp-json\/wp\/v2\/posts\/110663","targetHints":{"allow":["GET"]}}],"collection":[{"href":"https:\/\/www.elche.es\/va\/wp-json\/wp\/v2\/posts"}],"about":[{"href":"https:\/\/www.elche.es\/va\/wp-json\/wp\/v2\/types\/post"}],"author":[{"embeddable":true,"href":"https:\/\/www.elche.es\/va\/wp-json\/wp\/v2\/users\/15"}],"replies":[{"embeddable":true,"href":"https:\/\/www.elche.es\/va\/wp-json\/wp\/v2\/comments?post=110663"}],"version-history":[{"count":0,"href":"https:\/\/www.elche.es\/va\/wp-json\/wp\/v2\/posts\/110663\/revisions"}],"wp:featuredmedia":[{"embeddable":true,"href":"https:\/\/www.elche.es\/va\/wp-json\/wp\/v2\/media\/110599"}],"wp:attachment":[{"href":"https:\/\/www.elche.es\/va\/wp-json\/wp\/v2\/media?parent=110663"}],"wp:term":[{"taxonomy":"category","embeddable":true,"href":"https:\/\/www.elche.es\/va\/wp-json\/wp\/v2\/categories?post=110663"},{"taxonomy":"post_tag","embeddable":true,"href":"https:\/\/www.elche.es\/va\/wp-json\/wp\/v2\/tags?post=110663"}],"curies":[{"name":"wp","href":"https:\/\/api.w.org\/{rel}","templated":true}]}}