{"id":110779,"date":"2020-02-14T13:02:21","date_gmt":"2020-02-14T12:02:21","guid":{"rendered":"http:\/\/www.elche.es\/va\/?p=110779"},"modified":"2020-02-14T14:22:16","modified_gmt":"2020-02-14T13:22:16","slug":"carlos-gonzalez-els-moros-i-cristians-sou-un-element-imprescindible-del-patrimoni-fester-de-la-nostra-ciutat","status":"publish","type":"post","link":"https:\/\/www.elche.es\/va\/2020\/02\/carlos-gonzalez-els-moros-i-cristians-sou-un-element-imprescindible-del-patrimoni-fester-de-la-nostra-ciutat\/","title":{"rendered":"Carlos Gonz\u00e1lez ha recalcat que Els moros i cristians s\u00f3n un element imprescindible del patrimoni fester d&#8217;Elx"},"content":{"rendered":"<blockquote><p>L&#8217;alcalde, la regidora de Festes, Mariola Galiana, i membres de l&#8217;Equip de Govern assisteixen a la presentaci\u00f3 de Jos\u00e9 Eugenio Najas com a capit\u00e0 moro, Justo Alacid com a capit\u00e0 cristi\u00e0 i Esteban Canals com a banderer<\/p><\/blockquote>\n<p>Les festes de moros i cristians tenen un gran reconeixement no sols en el nostre entorn sin\u00f3 tamb\u00e9 en el conjunt de la nostra Comunitat. Estic conven\u00e7ut que vosaltres tres representareu la nostra festa amb el m\u00e0xim orgull, il\u00b7lusi\u00f3 i dignitat. I per a aix\u00f2 \u00e9s necessari que l&#8217;alegria i l&#8217;emoci\u00f3 que sentiu siga compartida amb tots els que us seguirem en les importants cites festeres que a partir de hui ens esperen\u201d, va expressar anit l&#8217;alcalde d&#8217;Elx, Carlos Gonz\u00e1lez, durant l&#8217;acte de presentaci\u00f3 de Jos\u00e9 Eugenio Najas, de les Hosts del Califa, com capit\u00e0 moro 2020; Justo Alacid, de la comparsa Cavallers Falcons, com a capit\u00e0 cristi\u00e0 2020; i d&#8217;Esteban Canals, de la comparsa Moros Tuareg, com a banderer 2020 de l&#8217;Associaci\u00f3 de Moros i Cristians.<\/p>\n<p>L&#8217;acte va tindre lloc a l&#8217;auditori principal del Centre de Congressos i, a m\u00e9s de la pres\u00e8ncia de l&#8217;alcalde, la taula presidencial va comptar tamb\u00e9 amb el president de l&#8217;associaci\u00f3, Juli\u00e1n Fern\u00e1ndez; la presidenta de la UNDEF (Uni\u00f3 Nacional d&#8217;Entitats Festeres), Pepa Prats; i la regidora de Festes, Mariola Galiana. Per part de l&#8217;Equip de Govern tamb\u00e9 van assistir els regidors de Turisme, Carles Molina i el d&#8217;Igualtat, Mariano Valera; i la regidora de Cultura, Marga Ant\u00f3n. La presentaci\u00f3 va reunir aix\u00ed mateix altres membres de la Corporaci\u00f3 Municipal i a nombrosos representants de diferents entitats socials i culturals.<\/p>\n<p>Carlos Gonz\u00e1lez va felicitar tamb\u00e9 les fam\u00edlies dels nous c\u00e0rrecs, aix\u00ed com a la &#8220;gran favorita&#8221;, Mar\u00eda Jes\u00fas San Miguel, i la &#8220;infanta&#8221;, Irene Navarro, per a destacar a continuaci\u00f3 que \u201cels moros i cristians sou un element imprescindible del patrimoni fester de la nostra benvolguda ciutat, aix\u00ed ho sent, aix\u00ed us ho he dit en nombroses ocasions. Estem conven\u00e7uts de la import\u00e0ncia de la vostra aportaci\u00f3 a Elx, de la vostra incalculable aportaci\u00f3 al fet que les festes d&#8217;agost siguen un aut\u00e8ntic referent en el nostre entorn, en la nostra comunitat i pr\u00e0cticament en tot el Mediterrani. Per aquest motiu vull que sapieu que teniu el nostre agra\u00efment i el nostre reconeixement\u201d.<\/p>\n","protected":false},"excerpt":{"rendered":"<p>L&#8217;alcalde, la regidora de Festes, Mariola Galiana, i membres de l&#8217;Equip de Govern assisteixen a la presentaci\u00f3 de Jos\u00e9 Eugenio Najas com a capit\u00e0 moro, Justo Alacid com a capit\u00e0 [&hellip;]<\/p>\n","protected":false},"author":15,"featured_media":110749,"comment_status":"closed","ping_status":"closed","sticky":false,"template":"","format":"standard","meta":{"footnotes":""},"categories":[191],"tags":[],"class_list":["post-110779","post","type-post","status-publish","format-standard","has-post-thumbnail","hentry","category-festes-va"],"_links":{"self":[{"href":"https:\/\/www.elche.es\/va\/wp-json\/wp\/v2\/posts\/110779","targetHints":{"allow":["GET"]}}],"collection":[{"href":"https:\/\/www.elche.es\/va\/wp-json\/wp\/v2\/posts"}],"about":[{"href":"https:\/\/www.elche.es\/va\/wp-json\/wp\/v2\/types\/post"}],"author":[{"embeddable":true,"href":"https:\/\/www.elche.es\/va\/wp-json\/wp\/v2\/users\/15"}],"replies":[{"embeddable":true,"href":"https:\/\/www.elche.es\/va\/wp-json\/wp\/v2\/comments?post=110779"}],"version-history":[{"count":0,"href":"https:\/\/www.elche.es\/va\/wp-json\/wp\/v2\/posts\/110779\/revisions"}],"wp:featuredmedia":[{"embeddable":true,"href":"https:\/\/www.elche.es\/va\/wp-json\/wp\/v2\/media\/110749"}],"wp:attachment":[{"href":"https:\/\/www.elche.es\/va\/wp-json\/wp\/v2\/media?parent=110779"}],"wp:term":[{"taxonomy":"category","embeddable":true,"href":"https:\/\/www.elche.es\/va\/wp-json\/wp\/v2\/categories?post=110779"},{"taxonomy":"post_tag","embeddable":true,"href":"https:\/\/www.elche.es\/va\/wp-json\/wp\/v2\/tags?post=110779"}],"curies":[{"name":"wp","href":"https:\/\/api.w.org\/{rel}","templated":true}]}}