{"id":110942,"date":"2020-02-18T13:16:28","date_gmt":"2020-02-18T12:16:28","guid":{"rendered":"http:\/\/www.elche.es\/va\/?p=110942"},"modified":"2020-02-18T13:16:28","modified_gmt":"2020-02-18T12:16:28","slug":"les-obres-del-nou-menjador-del-col%c2%b7legi-public-jaume-balmes-finalitzaran-en-la-primera-quinzena-de-marc","status":"publish","type":"post","link":"https:\/\/www.elche.es\/va\/2020\/02\/les-obres-del-nou-menjador-del-col%c2%b7legi-public-jaume-balmes-finalitzaran-en-la-primera-quinzena-de-marc\/","title":{"rendered":"Les obres del nou menjador del col\u00b7legi p\u00fablic Jaume Balmes finalitzaran en la primera quinzena de mar\u00e7"},"content":{"rendered":"<blockquote><p>L&#8217;edifici, que compta amb una inversi\u00f3 de m\u00e9s de 440.000 euros, t\u00e9 una capacitat per a 300 comensals organitzats en dos torns<\/p>\n<p>Carlos Gonz\u00e1lez assenyala que \u201cel romanent consolidat es destinar\u00e0 principalment a l&#8217;equipament i a les instal\u00b7lacions totalment necess\u00e0ries per a la posada en funcionament d&#8217;aquest servei\u201d<\/p>\n<p>L&#8217;objectiu marcat, tant per la direcci\u00f3 del col\u00b7legi com per l&#8217;AMPA, \u00e9s que aquesta nova infraestructura puga entrar en funcionament el pr\u00f2xim curs escolar<\/p><\/blockquote>\n<p>Les obres per a dotar d&#8217;un menjador propi al col\u00b7legi p\u00fablic Jaume Balmes finalitzaran en la primera quinzena de mar\u00e7 com a conseq\u00fc\u00e8ncia del Pla Edificant i de la cooperaci\u00f3 entre la Generalitat i l&#8217;Ajuntament d&#8217;Elx. Una actuaci\u00f3, amb una inversi\u00f3 de m\u00e9s de 440.000 euros, que va comen\u00e7ar a l&#8217;octubre de l&#8217;any passat i que ha complit amb els terminis marcats segons ha assenyalat l&#8217;alcalde, Carlos Gonz\u00e1lez, qui ha acudit al centre educatiu acompanyat de la regidora d&#8217;Educaci\u00f3, Mar\u00eda Jos\u00e9 Mart\u00ednez, per a supervisar el projecte.<br \/>\nL&#8217;edifici disposa de cuina, rebost, zona de rentada de plats, servei de personal, quart de fems i un ampli menjador d&#8217;una capacitat de fins a 300 comensals organitzats en dos torns.<\/p>\n<p>Gonz\u00e1lez ha assenyalat que \u201cel romanent consolidat es destinar\u00e0 principalment a l&#8217;equipament i a les instal\u00b7lacions totalment necess\u00e0ries per a la posada en funcionament d&#8217;aquest servei\u201d, i ha afegit que \u201cl&#8217;objectiu marcat, tant per la direcci\u00f3 del col\u00b7legi com per l&#8217;AMPA (Associaci\u00f3 de Pares i Mares d&#8217;Alumnes), \u00e9s que aquesta nova infraestructura puga entrar en funcionament el pr\u00f2xim curs escolar\u201d.<\/p>\n<p>Durant la visita, en la qual van estar acompanyats, entre altres, per la directora del centre, Celestina Moreno, els redactors del projecte han explicat a les persones assistents el desenvolupament del treball.<\/p>\n<p>Entre les millores, s&#8217;ha tingut en compte que el menjador puga tindre un acc\u00e9s directe des del carrer de manera que el prove\u00efment del mateix es realitze independentment de l&#8217;entrada de l&#8217;alumnat i del personal docent. Tamb\u00e9 estar\u00e0 condicionat amb un sistema bomba de calor i ventilaci\u00f3 mec\u00e0nica amb recuperaci\u00f3 de calor el que li confereix uns nivells elevats d&#8217;efici\u00e8ncia energ\u00e8tica.<\/p>\n<p>El regidor il\u00b7licit\u00e0 ha destacat que la prioritat de l&#8217;Equip de Govern fins hui \u00e9s millorar els espais en els quals es desenvolupa l&#8217;activitat escolar i ha anunciat que amb aquesta primera actuaci\u00f3 es dona pas el mes de mar\u00e7 a altres tres obres importants com l&#8217;ampliaci\u00f3 del col\u00b7legi Monserrat Roig, l&#8217;ampliaci\u00f3 de tres aules d&#8217;infantil del col\u00b7legi p\u00fablic la G\u00e0l\u00b7lia i l&#8217;ampliaci\u00f3 de l&#8217;aulari infantil del centre educatiu de la Vallverda. Aix\u00ed mateix, se signar\u00e0 el contracte d&#8217;obres de l&#8217;institut Periodista Vicente Verd\u00fa que comen\u00e7ar\u00e0 la seua execuci\u00f3 previsiblement a principis d&#8217;abril.<\/p>\n","protected":false},"excerpt":{"rendered":"<p>L&#8217;edifici, que compta amb una inversi\u00f3 de m\u00e9s de 440.000 euros, t\u00e9 una capacitat per a 300 comensals organitzats en dos torns Carlos Gonz\u00e1lez assenyala que \u201cel romanent consolidat es [&hellip;]<\/p>\n","protected":false},"author":15,"featured_media":110936,"comment_status":"closed","ping_status":"closed","sticky":false,"template":"","format":"standard","meta":{"footnotes":""},"categories":[194],"tags":[],"class_list":["post-110942","post","type-post","status-publish","format-standard","has-post-thumbnail","hentry","category-educacio-va"],"_links":{"self":[{"href":"https:\/\/www.elche.es\/va\/wp-json\/wp\/v2\/posts\/110942","targetHints":{"allow":["GET"]}}],"collection":[{"href":"https:\/\/www.elche.es\/va\/wp-json\/wp\/v2\/posts"}],"about":[{"href":"https:\/\/www.elche.es\/va\/wp-json\/wp\/v2\/types\/post"}],"author":[{"embeddable":true,"href":"https:\/\/www.elche.es\/va\/wp-json\/wp\/v2\/users\/15"}],"replies":[{"embeddable":true,"href":"https:\/\/www.elche.es\/va\/wp-json\/wp\/v2\/comments?post=110942"}],"version-history":[{"count":0,"href":"https:\/\/www.elche.es\/va\/wp-json\/wp\/v2\/posts\/110942\/revisions"}],"wp:featuredmedia":[{"embeddable":true,"href":"https:\/\/www.elche.es\/va\/wp-json\/wp\/v2\/media\/110936"}],"wp:attachment":[{"href":"https:\/\/www.elche.es\/va\/wp-json\/wp\/v2\/media?parent=110942"}],"wp:term":[{"taxonomy":"category","embeddable":true,"href":"https:\/\/www.elche.es\/va\/wp-json\/wp\/v2\/categories?post=110942"},{"taxonomy":"post_tag","embeddable":true,"href":"https:\/\/www.elche.es\/va\/wp-json\/wp\/v2\/tags?post=110942"}],"curies":[{"name":"wp","href":"https:\/\/api.w.org\/{rel}","templated":true}]}}