{"id":110969,"date":"2020-02-18T15:33:04","date_gmt":"2020-02-18T14:33:04","guid":{"rendered":"http:\/\/www.elche.es\/va\/?p=110969"},"modified":"2020-02-18T15:33:04","modified_gmt":"2020-02-18T14:33:04","slug":"lxi-transil%c2%b7licitana-arrancara-dissabte-que-ve-amb-un-miler-de-participants","status":"publish","type":"post","link":"https:\/\/www.elche.es\/va\/2020\/02\/lxi-transil%c2%b7licitana-arrancara-dissabte-que-ve-amb-un-miler-de-participants\/","title":{"rendered":"L&#8217;XI Transil\u00b7licitana arrancar\u00e0 dissabte que ve amb un miler de participants"},"content":{"rendered":"<blockquote><p>El circuit, que discorre per gran part del terme municipal, constar\u00e0 de 100 quil\u00f2metres a rec\u00f3rrer en 24 hores<\/p>\n<p>La prova, que suscita inter\u00e9s m\u00e9s enll\u00e0 de la prov\u00edncia, consolida la seua proposta conjuminant senderisme i <em>running<\/em><\/p><\/blockquote>\n<p>Dissabte que ve, 22 de febrer, un miler d&#8217;amants del <em>running<\/em> i del senderisme tenen una cita ineludible amb l&#8217;onzena edici\u00f3 de la Transil\u00b7licitana. La prova esportiva de llarga dist\u00e0ncia, consolidada no solament a nivell local sin\u00f3 nacional, s&#8217;ha convertit en un cl\u00e0ssic per dret propi en conjuminar dues categories a trav\u00e9s de l&#8217;espectacular paisatge il\u00b7licit\u00e0. No en va, el circuit de 100 quil\u00f2metres a realitzar en 24 hores vorejar\u00e0 el terme municipal, i recorrer\u00e0 gran part de les pedanies.<\/p>\n<p>El responsable de l&#8217;\u00e0rea d&#8217;Esports, Vicente Alberola, el regidor de Seguretat Ciutadana, acabat de nomenar membre del Consell de Seguretat de la FEMP, Ram\u00f3n Abad, i els agents de la Policia Local Sen\u00e9n R\u00f3denas i Rafael Iniesta, han explicat aquest mat\u00ed els detalls de la Transil\u00b7licitana 2020, la qual, amb 1.000 participants \u2013el 22% dones\u2013 inscrits en al voltant d&#8217;un mes, ha desbordat les previsions i evidencien la import\u00e0ncia i l&#8217;inter\u00e9s que la Transil\u00b7licitana suscita m\u00e9s enll\u00e0 d&#8217;Elx, en existir\u00a0atletes que\u00a0provenen de 23 prov\u00edncies espanyoles i fins i tot d&#8217;altres continents.<\/p>\n<p>En concret, tal com ha especificat Alberola, aquesta onzena edici\u00f3 comen\u00e7ar\u00e0 al passeig de l&#8217;Estaci\u00f3 dissabte que ve, per a concloure 24 hores despr\u00e9s, diumenge 23 de febrer, al passeig de Jaca. En la jornada anterior al tret d&#8217;eixida, el divendres 21, es podran recollir els dorsals de 10.00 a 20.00 hores al Centre de Congressos. Aix\u00ed mateix, al recinte es brindaran pon\u00e8ncies, un br\u00edfing t\u00e8cnic i aclariment de dubtes a les i als participants.<\/p>\n<p>Abad, per part seua, ha recordat que la Transil\u00b7licitana, que gaudeix amb total suport de l&#8217;Ajuntament i VisitElche, va estar concebuda fa m\u00e9s d&#8217;una d\u00e8cada per la Policia Local \u2013un fet ins\u00f2lit a Espanya\u2013, i que el dispositiu que es desplegar\u00e0 el pr\u00f2xim cap de setmana supera els dos centenars de persones entre agents i voluntariat de la pr\u00f2pia organitzaci\u00f3, Protecci\u00f3 Civil i DYA, en ser una prova d&#8217;envergadura que obliga a tindre tot el tra\u00e7at sota vigil\u00e0ncia.<\/p>\n<p>Igualment, el regidor de Seguretat Ciutadana ha lloat que, mitjan\u00e7ant la Transil\u00b7licitana, es ressalta \u201cla funci\u00f3 social de la Policia\u201d, i que, al mateix temps que garanteix la seguretat i la conviv\u00e8ncia dels il\u00b7licitans i de les il\u00b7licitanes, complement\u00e0riament empr\u00e9n accions com aquestes, elevant al cos il\u00b7licit\u00e0 a ser \u201creferent en el panorama de les policies municipals del pa\u00eds\u201d. La recaptaci\u00f3 dels dorsals de la XI Transil\u00b7licitana anir\u00e0 destinada a l&#8217;associaci\u00f3 sense \u00e0nim de lucre Tamarit, per al seu projecte \u2018Per un futur sense l\u00edmits\u2019.<\/p>\n<p>Finalment, tal com han informat R\u00f3denas i Iniesta \u2013que han instat a visitar la web oficial per a informar-se sobre detalls i altres afegits com ofertes en hotels i restaurants, amb la col\u00b7laboraci\u00f3 de VisitElche\u2013, el gruix dels i de les participants t\u00e9 entre 35 i 44 anys, i solament deu s\u00f3n majors de 65. \u201cLa Transil\u00b7licitana discorre per un bonic paisatge, per\u00f2 \u00e9s una prova enganyosa\u201d, ha manifestat Iniesta, que ha aconsellat als i a les corredores i senderistes que \u201cgraduen les seues forces\u201d durant el tra\u00e7at, perqu\u00e8 qui no ho fa \u201ces queda pel cam\u00ed\u201d. De fet, el 30% de qui inicia el trajecte corrent, abandona.<\/p>\n<p>Els i les agents tamb\u00e9 han tingut l&#8217;oportunitat d&#8217;evocar els r\u00e8cords: el mascul\u00ed, batut en 2018 per l&#8217;ol\u00edmpic argent\u00ed Pedro Mor\u00e1n (8 hores, 44 minuts); el femen\u00ed, en 2019, per la il\u00b7licitana Laura Irina Lara (10 hores, 54 minuts).<\/p>\n<blockquote><p><a href=\"https:\/\/transilicitana.es\/\">&gt;&gt;&gt; WEB OFICIAL TRANSIL\u00b7LICITANA<\/a><\/p><\/blockquote>\n<p><img loading=\"lazy\" decoding=\"async\" class=\"alignnone size-medium wp-image-110966 aligncenter\" src=\"https:\/\/www.elche.es\/wp-content\/uploads\/2020\/02\/cartel-transilicitana-203x300.jpg\" alt=\"cartel transilicitana\" width=\"203\" height=\"300\" srcset=\"https:\/\/www.elche.es\/wp-content\/uploads\/2020\/02\/cartel-transilicitana-203x300.jpg 203w, https:\/\/www.elche.es\/wp-content\/uploads\/2020\/02\/cartel-transilicitana.jpg 630w\" sizes=\"auto, (max-width: 203px) 100vw, 203px\" \/><\/p>\n<p>&nbsp;<\/p>\n","protected":false},"excerpt":{"rendered":"<p>El circuit, que discorre per gran part del terme municipal, constar\u00e0 de 100 quil\u00f2metres a rec\u00f3rrer en 24 hores La prova, que suscita inter\u00e9s m\u00e9s enll\u00e0 de la prov\u00edncia, consolida [&hellip;]<\/p>\n","protected":false},"author":15,"featured_media":110965,"comment_status":"closed","ping_status":"closed","sticky":false,"template":"","format":"standard","meta":{"footnotes":""},"categories":[187,391],"tags":[],"class_list":["post-110969","post","type-post","status-publish","format-standard","has-post-thumbnail","hentry","category-esports","category-home-va"],"_links":{"self":[{"href":"https:\/\/www.elche.es\/va\/wp-json\/wp\/v2\/posts\/110969","targetHints":{"allow":["GET"]}}],"collection":[{"href":"https:\/\/www.elche.es\/va\/wp-json\/wp\/v2\/posts"}],"about":[{"href":"https:\/\/www.elche.es\/va\/wp-json\/wp\/v2\/types\/post"}],"author":[{"embeddable":true,"href":"https:\/\/www.elche.es\/va\/wp-json\/wp\/v2\/users\/15"}],"replies":[{"embeddable":true,"href":"https:\/\/www.elche.es\/va\/wp-json\/wp\/v2\/comments?post=110969"}],"version-history":[{"count":0,"href":"https:\/\/www.elche.es\/va\/wp-json\/wp\/v2\/posts\/110969\/revisions"}],"wp:featuredmedia":[{"embeddable":true,"href":"https:\/\/www.elche.es\/va\/wp-json\/wp\/v2\/media\/110965"}],"wp:attachment":[{"href":"https:\/\/www.elche.es\/va\/wp-json\/wp\/v2\/media?parent=110969"}],"wp:term":[{"taxonomy":"category","embeddable":true,"href":"https:\/\/www.elche.es\/va\/wp-json\/wp\/v2\/categories?post=110969"},{"taxonomy":"post_tag","embeddable":true,"href":"https:\/\/www.elche.es\/va\/wp-json\/wp\/v2\/tags?post=110969"}],"curies":[{"name":"wp","href":"https:\/\/api.w.org\/{rel}","templated":true}]}}