{"id":111317,"date":"2020-02-24T14:53:17","date_gmt":"2020-02-24T13:53:17","guid":{"rendered":"http:\/\/www.elche.es\/va\/?p=111317"},"modified":"2020-02-24T14:53:17","modified_gmt":"2020-02-24T13:53:17","slug":"el-sorteig-de-regals-culmina-la-campanya-de-sant-valenti-dels-comerciants-del-centre","status":"publish","type":"post","link":"https:\/\/www.elche.es\/va\/2020\/02\/el-sorteig-de-regals-culmina-la-campanya-de-sant-valenti-dels-comerciants-del-centre\/","title":{"rendered":"El sorteig de regals culmina la campanya de Sant Valent\u00ed dels comerciants del Centre"},"content":{"rendered":"<blockquote><p>El regidor de Comer\u00e7, Felip <span class=\"hiddenSpellError\">S\u00e0nchez<\/span>, ha destacat l&#8217;elevat nombre de clients dels comer\u00e7os que han volgut participar en el <span class=\"hiddenGrammarError\">sorteig<\/span><\/p>\n<p>El president dels comerciants, <span class=\"hiddenSpellError\">Jaime<\/span> <span class=\"hiddenSpellError\">Javaloyes<\/span>, ha mostrat la seua satisfacci\u00f3 pel suport rebut per la Regidoria de Comer\u00e7 per a la realitzaci\u00f3 de l&#8217;<span class=\"hiddenGrammarError\">esdeveniment<\/span><\/p><\/blockquote>\n<p>El regidor de Comer\u00e7, Felip <span class=\"hiddenSpellError\">S\u00e0nchez<\/span>, ha destacat el gran acolliment que ha tingut aquesta campanya de Sant Valent\u00ed organitzada per l&#8217;Associaci\u00f3 de Comerciants del Centre (<span class=\"hiddenSpellError\">ACCE<\/span>), ja que han participat centenars de clients dels comer\u00e7os en el sorteig d&#8217;una escaparata de regals. La persona guanyadora ha rebut 37 obsequis de diferents comer\u00e7os de l&#8217;associaci\u00f3.<\/p>\n<p>Felip <span class=\"hiddenSpellError\">S\u00e0nchez<\/span> ha ressaltat el &#8220;clima de col\u00b7laboraci\u00f3 i de confian\u00e7a que tenim obert amb els membres de l&#8217;associaci\u00f3&#8221; i ha felicitat la junta directiva d&#8217;ACCE per la seua aportaci\u00f3 d&#8217;idees. Ha avan\u00e7at que ja <span class=\"hiddenGrammarError\">s&#8217;<\/span>est\u00e0 treballant en futures dates comercials per a augmentar aquesta col\u00b7laboraci\u00f3.<\/p>\n<p>Per part seua, <span class=\"hiddenSpellError\">Jaime<\/span> <span class=\"hiddenSpellError\">Javaloyes<\/span>, president de l&#8217;associaci\u00f3, ha expressat la gran satisfacci\u00f3 que hi ha entre els comerciants per aquesta campanya i agra\u00efa el suport rebut des de la Regidoria de Comer\u00e7 i el seu desig de continuar &#8220;en aquesta l\u00ednia de dinamitzar el centre a tots els nivells&#8221;.<\/p>\n<p>&nbsp;<\/p>\n","protected":false},"excerpt":{"rendered":"<p>El regidor de Comer\u00e7, Felip S\u00e0nchez, ha destacat l&#8217;elevat nombre de clients dels comer\u00e7os que han volgut participar en el sorteig El president dels comerciants, Jaime Javaloyes, ha mostrat la [&hellip;]<\/p>\n","protected":false},"author":15,"featured_media":111285,"comment_status":"closed","ping_status":"closed","sticky":false,"template":"","format":"standard","meta":{"footnotes":""},"categories":[2636,391],"tags":[],"class_list":["post-111317","post","type-post","status-publish","format-standard","has-post-thumbnail","hentry","category-comerc-va","category-home-va"],"_links":{"self":[{"href":"https:\/\/www.elche.es\/va\/wp-json\/wp\/v2\/posts\/111317","targetHints":{"allow":["GET"]}}],"collection":[{"href":"https:\/\/www.elche.es\/va\/wp-json\/wp\/v2\/posts"}],"about":[{"href":"https:\/\/www.elche.es\/va\/wp-json\/wp\/v2\/types\/post"}],"author":[{"embeddable":true,"href":"https:\/\/www.elche.es\/va\/wp-json\/wp\/v2\/users\/15"}],"replies":[{"embeddable":true,"href":"https:\/\/www.elche.es\/va\/wp-json\/wp\/v2\/comments?post=111317"}],"version-history":[{"count":0,"href":"https:\/\/www.elche.es\/va\/wp-json\/wp\/v2\/posts\/111317\/revisions"}],"wp:featuredmedia":[{"embeddable":true,"href":"https:\/\/www.elche.es\/va\/wp-json\/wp\/v2\/media\/111285"}],"wp:attachment":[{"href":"https:\/\/www.elche.es\/va\/wp-json\/wp\/v2\/media?parent=111317"}],"wp:term":[{"taxonomy":"category","embeddable":true,"href":"https:\/\/www.elche.es\/va\/wp-json\/wp\/v2\/categories?post=111317"},{"taxonomy":"post_tag","embeddable":true,"href":"https:\/\/www.elche.es\/va\/wp-json\/wp\/v2\/tags?post=111317"}],"curies":[{"name":"wp","href":"https:\/\/api.w.org\/{rel}","templated":true}]}}