{"id":111433,"date":"2020-02-25T15:07:14","date_gmt":"2020-02-25T14:07:14","guid":{"rendered":"http:\/\/www.elche.es\/va\/?p=111433"},"modified":"2020-02-25T15:07:14","modified_gmt":"2020-02-25T14:07:14","slug":"les-obres-del-sobreeixidor-daigues-pluvials-entre-lantiga-i-la-nova-ronda-sud-en-el-cami-vell-de-santa-pola-sinicien-dilluns-que-ve","status":"publish","type":"post","link":"https:\/\/www.elche.es\/va\/2020\/02\/les-obres-del-sobreeixidor-daigues-pluvials-entre-lantiga-i-la-nova-ronda-sud-en-el-cami-vell-de-santa-pola-sinicien-dilluns-que-ve\/","title":{"rendered":"Les obres del sobreeixidor d&#8217;aig\u00fces pluvials entre l&#8217;antiga i la nova Ronda Sud en el cam\u00ed Vell de Santa Pola s&#8217;inicien dilluns que ve"},"content":{"rendered":"<blockquote><p>Les obres d&#8217;aquesta actuaci\u00f3 per a evitar inundacions en Sant Antoni, Palmerars i la Ronda Sud es prolongaran fins al 24 d&#8217;abril<\/p>\n<p>Per a accedir a l&#8217;hospital, a la comiss\u00e0ria de policia, als jutjats, als instituts, als col\u00b7legis i a altres ubicacions en l&#8217;eix dels carrers Teulada i Mangraner, es recomanen itineraris que utilitzen la carretera de Santa Pola CV-865 i l&#8217;avinguda de Santa Pola<\/p><\/blockquote>\n<p>Des de l&#8217;empresa mixta Aig\u00fces d\u2019Elx s&#8217;informa que dilluns que ve, 2 de mar\u00e7, s&#8217;iniciaran les obres del \u201csobreeixidor de pluvials entre antiga i nova Ronda Sud en cam\u00ed Vell de Santa Pola\u201d.<\/p>\n<p>Per a l&#8217;execuci\u00f3 d&#8217;aquestes obres es procedir\u00e0 a efectuar el tall al tr\u00e0nsit del tram del cam\u00ed Vell de Santa Pola des de la glorieta situada sobre la nova EL-20 (nova Ronda Sud) fins a la intersecci\u00f3 del cam\u00ed citat amb la N-340 (antiga Ronda Sud).<\/p>\n<p>Aix\u00ed mateix, el carrer Avet estar\u00e0 tamb\u00e9 tallat en el tram final, confrontant a la intersecci\u00f3 amb la N-340, quedaran prohibits tots els girs en aquesta intersecci\u00f3 cap al cam\u00ed Vell de Santa Pola i el carrer Avet des de la N-340. Aix\u00f2 impedir\u00e0 l&#8217;acc\u00e9s a l&#8217;Hospital General d&#8217;Elx des de l&#8217;antiga circumval\u00b7laci\u00f3 Sud.<\/p>\n<p>La duraci\u00f3 estimada de les obres \u00e9s fins al 24 d&#8217;abril de 2.020. A partir d&#8217;aquesta data es reprendr\u00e0 la normalitat i les condicions actuals en els vials.<\/p>\n<p>Fins a aquesta data, per a accedir a l&#8217;hospital, a la comiss\u00e0ria de policia, als jutjats, als instituts, als col\u00b7legis i a altres ubicacions en l&#8217;eix dels carrers Teulada i Mangraner, <strong>es recomanen itineraris que utilitzen la carretera de Santa Pola CV-865 i l&#8217;avinguda de Santa Pola.<\/strong><\/p>\n<p>Es tracta d&#8217;una actuaci\u00f3 d&#8217;Aig\u00fces d\u2019Elx absolutament necess\u00e0ria per a la ciutat amb la finalitat d&#8217;evitar la inundaci\u00f3 d&#8217;aquesta zona cada vegada que plou amb certa intensitat i que implicar\u00e0 talls de tr\u00e0nsit.<\/p>\n<p>L&#8217;empresa adjudicat\u00e0ria d&#8217;aquestes obres \u00e9s PASAVAL i el seu pressupost \u00e9s de 870.000 euros.<\/p>\n","protected":false},"excerpt":{"rendered":"<p>Les obres d&#8217;aquesta actuaci\u00f3 per a evitar inundacions en Sant Antoni, Palmerars i la Ronda Sud es prolongaran fins al 24 d&#8217;abril Per a accedir a l&#8217;hospital, a la comiss\u00e0ria [&hellip;]<\/p>\n","protected":false},"author":15,"featured_media":111353,"comment_status":"closed","ping_status":"closed","sticky":false,"template":"","format":"standard","meta":{"footnotes":""},"categories":[2247,882],"tags":[],"class_list":["post-111433","post","type-post","status-publish","format-standard","has-post-thumbnail","hentry","category-aguas-va","category-incidencies-i-avisos"],"_links":{"self":[{"href":"https:\/\/www.elche.es\/va\/wp-json\/wp\/v2\/posts\/111433","targetHints":{"allow":["GET"]}}],"collection":[{"href":"https:\/\/www.elche.es\/va\/wp-json\/wp\/v2\/posts"}],"about":[{"href":"https:\/\/www.elche.es\/va\/wp-json\/wp\/v2\/types\/post"}],"author":[{"embeddable":true,"href":"https:\/\/www.elche.es\/va\/wp-json\/wp\/v2\/users\/15"}],"replies":[{"embeddable":true,"href":"https:\/\/www.elche.es\/va\/wp-json\/wp\/v2\/comments?post=111433"}],"version-history":[{"count":0,"href":"https:\/\/www.elche.es\/va\/wp-json\/wp\/v2\/posts\/111433\/revisions"}],"wp:featuredmedia":[{"embeddable":true,"href":"https:\/\/www.elche.es\/va\/wp-json\/wp\/v2\/media\/111353"}],"wp:attachment":[{"href":"https:\/\/www.elche.es\/va\/wp-json\/wp\/v2\/media?parent=111433"}],"wp:term":[{"taxonomy":"category","embeddable":true,"href":"https:\/\/www.elche.es\/va\/wp-json\/wp\/v2\/categories?post=111433"},{"taxonomy":"post_tag","embeddable":true,"href":"https:\/\/www.elche.es\/va\/wp-json\/wp\/v2\/tags?post=111433"}],"curies":[{"name":"wp","href":"https:\/\/api.w.org\/{rel}","templated":true}]}}