{"id":111465,"date":"2020-02-26T10:56:14","date_gmt":"2020-02-26T09:56:14","guid":{"rendered":"http:\/\/www.elche.es\/va\/?p=111465"},"modified":"2020-02-26T10:56:14","modified_gmt":"2020-02-26T09:56:14","slug":"lalcalde-i-el-regidor-de-desenvolupament-rural-fan-costat-a-les-i-als-agricultors-en-la-seua-marxa-per-a-reivindicar-millores-en-el-camp","status":"publish","type":"post","link":"https:\/\/www.elche.es\/va\/2020\/02\/lalcalde-i-el-regidor-de-desenvolupament-rural-fan-costat-a-les-i-als-agricultors-en-la-seua-marxa-per-a-reivindicar-millores-en-el-camp\/","title":{"rendered":"L&#8217;alcalde i el regidor de Desenvolupament Rural fan costat a les i als agricultors en la seua marxa per a reivindicar millores en el camp"},"content":{"rendered":"<blockquote><p>Carlos Gonz\u00e1lez i Felip S\u00e0nchez els entreguen la declaraci\u00f3 institucional de suport a les seues reclamacions a l&#8217;inici de l&#8217;eixida amb tractors des de la carretera de Matola per a unir-se a la protesta general a Monforte<\/p><\/blockquote>\n<p>L&#8217;alcalde d&#8217;Elx, Carlos Gonz\u00e1lez, i el regidor de Desenvolupament Rural, Felip S\u00e0nchez, han acompanyat a una desena d&#8217;agricultors il\u00b7licitans que s&#8217;han sumat amb els seus tractors a la protesta que des de diferents punts de la prov\u00edncia conflu\u00efa a Monfort del Cid i Novelda en defensa del camp espanyol.<\/p>\n<p>L&#8217;expedici\u00f3 il\u00b7licitana ha eixit a primera hora del mat\u00ed de la carretera de Matola, on ha establit el punt de concentraci\u00f3, per a dirigir-se a trav\u00e9s de la carretera d&#8217;Asp\u00a0 al lloc de la protesta. L&#8217;alcalde i el regidor han entregat als agricultors la declaraci\u00f3 institucional aprovada ahir pel ple municipal en la qual es recolzen les reivindicacions del camp.<\/p>\n<p>La declaraci\u00f3 recull l&#8217;acord de \u201cmostrar el nostre suport inequ\u00edvoc al sector agrari en les seues reivindicacions, que considerem justes, i, en particular, al sector agr\u00edcola il\u00b7licit\u00e0 que t\u00e9 com a factor limitant afegit l&#8217;acc\u00e9s a l&#8217;aigua de reg en les degudes condicions, per la qual cosa instem al Govern a realitzar una an\u00e0lisi dels recursos h\u00eddrics i inversi\u00f3 en obres hidr\u00e0uliques, i que es garantisca el transvasament Tajo-Segura i X\u00faquer-Vinalop\u00f3\u201d.<\/p>\n<p><strong>Condicions de treball justes<\/strong><br \/>\n\u201cHem volgut despla\u00e7ar-nos ac\u00ed per a traslladar el suport de la Corporaci\u00f3 Municipal i de l&#8217;Equip de Govern als agricultors d&#8217;Elx i, en definitiva, a un sector que est\u00e0 lluitant per unes condicions de treball i unes retribucions justes. Estem conven\u00e7uts que mesures com la prohibici\u00f3 de la venda a p\u00e8rdues, afavorir l&#8217;agrupaci\u00f3 dels productors enfront dels intermediaris o la prohibici\u00f3 de venda a p\u00e8rdues avancen en la direcci\u00f3 de resoldre els problemes d&#8217;un sector estrat\u00e8gic a la nostra ciutat i fonamental per al desenvolupament del pa\u00eds\u201d, ha indicat Carlos Gonz\u00e1lez.<\/p>\n<p>Per part seua, el regidor Felip S\u00e0nchez ha manifestat que \u201cel sector agr\u00edcola est\u00e0 en peus de guerra per a aconseguir uns preus justos dels productes i que se solucionen els problemes que s&#8217;arrosseguen des de fa d\u00e8cades. Necessitem el suport de la Uni\u00f3 Europea, la PAC s&#8217;est\u00e0 negociant per als pr\u00f2xims anys i \u00e9s important que els nostres productors hortofruct\u00edcoles entren dins d&#8217;aquesta amb garanties de rebre les ajudes\u201d.<\/p>\n","protected":false},"excerpt":{"rendered":"<p>Carlos Gonz\u00e1lez i Felip S\u00e0nchez els entreguen la declaraci\u00f3 institucional de suport a les seues reclamacions a l&#8217;inici de l&#8217;eixida amb tractors des de la carretera de Matola per a [&hellip;]<\/p>\n","protected":false},"author":15,"featured_media":111425,"comment_status":"closed","ping_status":"closed","sticky":false,"template":"","format":"standard","meta":{"footnotes":""},"categories":[],"tags":[],"class_list":["post-111465","post","type-post","status-publish","format-standard","has-post-thumbnail","hentry"],"_links":{"self":[{"href":"https:\/\/www.elche.es\/va\/wp-json\/wp\/v2\/posts\/111465","targetHints":{"allow":["GET"]}}],"collection":[{"href":"https:\/\/www.elche.es\/va\/wp-json\/wp\/v2\/posts"}],"about":[{"href":"https:\/\/www.elche.es\/va\/wp-json\/wp\/v2\/types\/post"}],"author":[{"embeddable":true,"href":"https:\/\/www.elche.es\/va\/wp-json\/wp\/v2\/users\/15"}],"replies":[{"embeddable":true,"href":"https:\/\/www.elche.es\/va\/wp-json\/wp\/v2\/comments?post=111465"}],"version-history":[{"count":0,"href":"https:\/\/www.elche.es\/va\/wp-json\/wp\/v2\/posts\/111465\/revisions"}],"wp:featuredmedia":[{"embeddable":true,"href":"https:\/\/www.elche.es\/va\/wp-json\/wp\/v2\/media\/111425"}],"wp:attachment":[{"href":"https:\/\/www.elche.es\/va\/wp-json\/wp\/v2\/media?parent=111465"}],"wp:term":[{"taxonomy":"category","embeddable":true,"href":"https:\/\/www.elche.es\/va\/wp-json\/wp\/v2\/categories?post=111465"},{"taxonomy":"post_tag","embeddable":true,"href":"https:\/\/www.elche.es\/va\/wp-json\/wp\/v2\/tags?post=111465"}],"curies":[{"name":"wp","href":"https:\/\/api.w.org\/{rel}","templated":true}]}}