{"id":111499,"date":"2020-02-26T12:23:51","date_gmt":"2020-02-26T11:23:51","guid":{"rendered":"http:\/\/www.elche.es\/va\/?p=111499"},"modified":"2020-02-26T13:48:02","modified_gmt":"2020-02-26T12:48:02","slug":"el-cinema-i-la-seua-musica-nou-punt-dinteres-a-les-biblioteques-municipals","status":"publish","type":"post","link":"https:\/\/www.elche.es\/va\/2020\/02\/el-cinema-i-la-seua-musica-nou-punt-dinteres-a-les-biblioteques-municipals\/","title":{"rendered":"&#8220;El cine i la seua m\u00fasica&#8221;, nou punt d&#8217;inter\u00e9s a les Biblioteques Municipals"},"content":{"rendered":"<p>Durant els dos primers mesos de l&#8217;any es concedeixen la major part dels premis internacionals m\u00e9s prestigiosos en el m\u00f3n cinematogr\u00e0fic.<\/p>\n<p>Per aquest motiu des de les Biblioteques Municipals hem seleccionat per al nostre <strong>Rac\u00f3 Trimestral<\/strong> algunes de les pel\u00b7l\u00edcules i bandes sonores amb major repercussi\u00f3 dels \u00faltims anys. Els racons es troben disponibles a les biblioteques &#8220;Alberto Miralles&#8221; d&#8217;Altabix, &#8220;Aureli\u00e0 Ibarra&#8221; i a la Biblioteca Central Pere Ibarra.<\/p>\n<p>Pots consultar el butllet\u00ed de lectura punxant <a href=\"https:\/\/www.elche.es\/wp-content\/uploads\/2020\/02\/REVISAT-Cine-i-BSO-Valenci\u00e0.pdf\" target=\"_blank\">AQU\u00cd<\/a>.<\/p>\n","protected":false},"excerpt":{"rendered":"<p>Durant els dos primers mesos de l&#8217;any es concedeixen la major part dels premis internacionals m\u00e9s prestigiosos en el m\u00f3n cinematogr\u00e0fic. Per aquest motiu des de les Biblioteques Municipals hem [&hellip;]<\/p>\n","protected":false},"author":15,"featured_media":111529,"comment_status":"closed","ping_status":"closed","sticky":false,"template":"","format":"standard","meta":{"footnotes":""},"categories":[181,65],"tags":[],"class_list":["post-111499","post","type-post","status-publish","format-standard","has-post-thumbnail","hentry","category-biblioteques-va","category-uncategorized-va"],"_links":{"self":[{"href":"https:\/\/www.elche.es\/va\/wp-json\/wp\/v2\/posts\/111499","targetHints":{"allow":["GET"]}}],"collection":[{"href":"https:\/\/www.elche.es\/va\/wp-json\/wp\/v2\/posts"}],"about":[{"href":"https:\/\/www.elche.es\/va\/wp-json\/wp\/v2\/types\/post"}],"author":[{"embeddable":true,"href":"https:\/\/www.elche.es\/va\/wp-json\/wp\/v2\/users\/15"}],"replies":[{"embeddable":true,"href":"https:\/\/www.elche.es\/va\/wp-json\/wp\/v2\/comments?post=111499"}],"version-history":[{"count":0,"href":"https:\/\/www.elche.es\/va\/wp-json\/wp\/v2\/posts\/111499\/revisions"}],"wp:featuredmedia":[{"embeddable":true,"href":"https:\/\/www.elche.es\/va\/wp-json\/wp\/v2\/media\/111529"}],"wp:attachment":[{"href":"https:\/\/www.elche.es\/va\/wp-json\/wp\/v2\/media?parent=111499"}],"wp:term":[{"taxonomy":"category","embeddable":true,"href":"https:\/\/www.elche.es\/va\/wp-json\/wp\/v2\/categories?post=111499"},{"taxonomy":"post_tag","embeddable":true,"href":"https:\/\/www.elche.es\/va\/wp-json\/wp\/v2\/tags?post=111499"}],"curies":[{"name":"wp","href":"https:\/\/api.w.org\/{rel}","templated":true}]}}