{"id":112540,"date":"2020-03-10T14:03:04","date_gmt":"2020-03-10T13:03:04","guid":{"rendered":"http:\/\/www.elche.es\/va\/?p=112540"},"modified":"2020-03-10T14:03:18","modified_gmt":"2020-03-10T13:03:18","slug":"lajuntament-delx-du-terme-minut-silenci-per-lassassinat-masclista-duna-dona-vilanova-castello","status":"publish","type":"post","link":"https:\/\/www.elche.es\/va\/2020\/03\/lajuntament-delx-du-terme-minut-silenci-per-lassassinat-masclista-duna-dona-vilanova-castello\/","title":{"rendered":"L&#8217;Ajuntament d&#8217;Elx du a terme un minut de silenci per l&#8217;assassinat masclista d&#8217;una dona a Vilanova de Castell\u00f3"},"content":{"rendered":"<blockquote><p>Membres de l&#8217;Equip de Govern i representants de la corporaci\u00f3 municipal condemnen i mostren la seua repulsa a aquests fets a la pla\u00e7a de Baix<\/p><\/blockquote>\n<p>L&#8217;Ajuntament d&#8217;Elx ha convocat els ve\u00efns a una concentraci\u00f3 de repulsa a les 12.00 hores d&#8217;aquest migdia en la pla\u00e7a de Baix per l&#8217;assassinat masclista d&#8217;una dona a Vilanova de Castell\u00f3, ocorregut el diumenge coincidint amb el Dia Internacional de la Dona, per a condemnar aquesta nova i cruel manifestaci\u00f3 de la viol\u00e8ncia de g\u00e8nere. <span class=\"hiddenSpellError\">Carlos<\/span> Gonz\u00e1lez, els membres de la Corporaci\u00f3 Municipal, juntament amb alguns ciutadans i ciutadanes, han guardat un minut de silenci per a reafirmar el seu comprom\u00eds ferm i indestructible amb la igualtat real entre homes i dones, amb els drets de les persones i amb els valors que caracteritzen una societat democr\u00e0tica.<\/p>\n<p><span class=\"hiddenSpellError\">M\u00f3nica<\/span> <span class=\"hiddenSpellError\">Espinola<\/span> Nevado, de 37 anys, va morir a l&#8217;Hospital La Fe de Val\u00e8ncia, on es trobava ingressada des de la matinada del divendres despr\u00e9s de rebre un tret al cap efectuat presumptament pel seu company sentimental. Enguany es tracta de la segona v\u00edctima mortal de la viol\u00e8ncia masclista a la Comunitat Valenciana despr\u00e9s del crim d&#8217;<span class=\"hiddenSpellError\">Alina<\/span> <span class=\"hiddenSpellError\">Mocanu<\/span>, de 34 anys, el passat 17 de febrer a Moraira.<\/p>\n<p>&nbsp;<\/p>\n","protected":false},"excerpt":{"rendered":"<p>Membres de l&#8217;Equip de Govern i representants de la corporaci\u00f3 municipal condemnen i mostren la seua repulsa a aquests fets a la pla\u00e7a de Baix L&#8217;Ajuntament d&#8217;Elx ha convocat els [&hellip;]<\/p>\n","protected":false},"author":15,"featured_media":112523,"comment_status":"closed","ping_status":"closed","sticky":false,"template":"","format":"standard","meta":{"footnotes":""},"categories":[209,391],"tags":[],"class_list":["post-112540","post","type-post","status-publish","format-standard","has-post-thumbnail","hentry","category-igualtat-va","category-home-va"],"_links":{"self":[{"href":"https:\/\/www.elche.es\/va\/wp-json\/wp\/v2\/posts\/112540","targetHints":{"allow":["GET"]}}],"collection":[{"href":"https:\/\/www.elche.es\/va\/wp-json\/wp\/v2\/posts"}],"about":[{"href":"https:\/\/www.elche.es\/va\/wp-json\/wp\/v2\/types\/post"}],"author":[{"embeddable":true,"href":"https:\/\/www.elche.es\/va\/wp-json\/wp\/v2\/users\/15"}],"replies":[{"embeddable":true,"href":"https:\/\/www.elche.es\/va\/wp-json\/wp\/v2\/comments?post=112540"}],"version-history":[{"count":0,"href":"https:\/\/www.elche.es\/va\/wp-json\/wp\/v2\/posts\/112540\/revisions"}],"wp:featuredmedia":[{"embeddable":true,"href":"https:\/\/www.elche.es\/va\/wp-json\/wp\/v2\/media\/112523"}],"wp:attachment":[{"href":"https:\/\/www.elche.es\/va\/wp-json\/wp\/v2\/media?parent=112540"}],"wp:term":[{"taxonomy":"category","embeddable":true,"href":"https:\/\/www.elche.es\/va\/wp-json\/wp\/v2\/categories?post=112540"},{"taxonomy":"post_tag","embeddable":true,"href":"https:\/\/www.elche.es\/va\/wp-json\/wp\/v2\/tags?post=112540"}],"curies":[{"name":"wp","href":"https:\/\/api.w.org\/{rel}","templated":true}]}}