{"id":115404,"date":"2020-04-20T12:20:11","date_gmt":"2020-04-20T11:20:11","guid":{"rendered":"http:\/\/www.elche.es\/va\/?p=115404"},"modified":"2020-04-20T12:20:11","modified_gmt":"2020-04-20T11:20:11","slug":"lajuntament-informa-que-el-ministeri-de-linterior-ha-habilitat-un-boto-sos-per-a-emergencies-per-violencia-de-genere","status":"publish","type":"post","link":"https:\/\/www.elche.es\/va\/2020\/04\/lajuntament-informa-que-el-ministeri-de-linterior-ha-habilitat-un-boto-sos-per-a-emergencies-per-violencia-de-genere\/","title":{"rendered":"L&#8217;Ajuntament informa que el Ministeri de l&#8217;Interior ha habilitat un bot\u00f3 SOS per a emerg\u00e8ncies per viol\u00e8ncia de g\u00e8nere"},"content":{"rendered":"<div class=\"wpb-content-wrapper\"><p>[vc_row][vc_column][vc_column_text]<\/p>\n<hr \/>\n<h4>El regidor d&#8217;Igualtat, Mariano Valera, indica que aquest servei s&#8217;ha incorporat a \u201cAlertCops\u201d, una aplicaci\u00f3 gratu\u00efta, tant per a Android com per a iOS, que permet denunciar situacions per a les dones v\u00edctimes de viol\u00e8ncia de g\u00e8nere<\/h4>\n<hr \/>\n<h4>L&#8217;edil de Seguretat Ciutadana, Ram\u00f3n Abad, anima la poblaci\u00f3 a denunciar davant les forces de seguretat de l&#8217;Estat si tenen const\u00e0ncia d&#8217;algun cas de viol\u00e8ncia de g\u00e8nere en el seu entorn<\/h4>\n<hr \/>\n<p>&nbsp;[\/vc_column_text][\/vc_column][\/vc_row][vc_row][vc_column][vc_column_text]El regidor d&#8217;Igualtat, Mariano Valera, i el regidor de Seguretat Ciutadana, Ram\u00f3n Abad, volen traslladar a la ciutadania que des de la Secretaria d&#8217;Estat de Seguretat del Ministeri de l&#8217;Interior s&#8217;ha implementat en l&#8217;aplicaci\u00f3 AlertCops un bot\u00f3 SOS per a emerg\u00e8ncies per viol\u00e8ncia de g\u00e8nere.<\/p>\n<p>Mariano Valera ha recordat que \u201cAlertCops \u00e9s una app del Ministeri de l&#8217;Interior que pot ser descarregada de manera gratu\u00efta, tant per a Android com per a iOS, i que ens permet denunciar situacions per a les dones v\u00edctimes de viol\u00e8ncia de g\u00e8nere, aix\u00ed com tamb\u00e9 per a testimonis\u201d.<\/p>\n<p>L&#8217;edil ha afegit que s&#8217;estableixen telefonades i alertes geoposicionades per a una atenci\u00f3 immediata, i que s&#8217;habilita un xat directe amb el Centre d&#8217;Atenci\u00f3 de Policia Nacional o Gu\u00e0rdia Civil m\u00e9s pr\u00f2xim a la persona que emet l&#8217;alerta, qui pot, a m\u00e9s, remetre fotos o v\u00eddeos de la situaci\u00f3.<\/p>\n<p>\u201cA aquestes i altres funcionalitats d&#8217;aquesta eina d&#8217;AlertCop s&#8217;ha incorporat un bot\u00f3 SOS per a dones v\u00edctimes de la viol\u00e8ncia de g\u00e8nere, que els permet alertar de situacions en les quals pot estar compromesa la seua seguretat, i requerir aix\u00ed l&#8217;assist\u00e8ncia immediata de les forces i cossos de seguretat de l&#8217;Estat m\u00e9s pr\u00f2ximes a la seua ubicaci\u00f3, tot aix\u00f2 de manera discreta i des del seu propi tel\u00e8fon m\u00f2bil. Aquest bot\u00f3 SOS \u00e9s un pas m\u00e9s per a erradicar aquesta xacra de la viol\u00e8ncia de g\u00e8nere, \u00e9s un pas m\u00e9s que ens compromet com a societat en la lluita contra la viol\u00e8ncia de g\u00e8nere\u201d, ha assenyalat Valera.<\/p>\n<p>Per part seua, Ram\u00f3n Abad ha fet una crida a la poblaci\u00f3 perqu\u00e8 no es permeta que es produ\u00efsquen casos de viol\u00e8ncia al seu entorn, i que denucien si tenen const\u00e0ncia que alguna ve\u00efna o familiar est\u00e0 sent v\u00edctima de qualsevol mena de viol\u00e8ncia.<\/p>\n<p>Ram\u00f3n Abad ha explicat que per a activar l&#8217;alerta, la usu\u00e0ria haur\u00e0 de pr\u00e9mer almenys cinc vegades en menys de 6 segons el \u201cBot\u00f3 SOS\u201d del seu tel\u00e8fon m\u00f2bil i l&#8217;alerta activada es remetr\u00e0 autom\u00e0ticament al centre policial m\u00e9s pr\u00f2xim.<\/p>\n<p>A m\u00e9s, amb l&#8217;activaci\u00f3 de la citada alerta, el sistema gravar\u00e0 10 segons d&#8217;\u00e0udio i ho enviar\u00e0 als efectius policials perqu\u00e8 puguen valorar la gravetat de la situaci\u00f3.<\/p>\n<p>No obstant aix\u00f2, el Bot\u00f3 SOS\u201d no apareix per defecte en el tel\u00e8fon m\u00f2bil despr\u00e9s de la desc\u00e0rrega o actualitzaci\u00f3 de l&#8217;app.<\/p>\n<p>Per a accedir a aquesta nova funcionalitat es precisa que la dona s&#8217;identifique dins del col\u00b7lectiu \u201cv\u00edctimes de viol\u00e8ncia de g\u00e8nere\u201d, per a aix\u00f2 l&#8217;aplicaci\u00f3 li sol\u00b7licita el DNI\/NIE i, pr\u00e8via autoritzaci\u00f3 expressa, creua les dades amb els continguts en el Sistema VioG\u00e9n. Despr\u00e9s de confirmar que la sol\u00b7licitant figura en VioG\u00e9n, es permet la desc\u00e0rrega del bot\u00f3.<\/p>\n<hr \/>\n<p>&nbsp;[\/vc_column_text][\/vc_column][\/vc_row]<\/p>\n<\/div>","protected":false},"excerpt":{"rendered":"<p>[vc_row][vc_column][vc_column_text] El regidor d&#8217;Igualtat, Mariano Valera, indica que aquest servei s&#8217;ha incorporat a \u201cAlertCops\u201d, una aplicaci\u00f3 gratu\u00efta, tant per a Android com per a iOS, que permet denunciar situacions per [&hellip;]<\/p>\n","protected":false},"author":15,"featured_media":115346,"comment_status":"closed","ping_status":"closed","sticky":false,"template":"","format":"standard","meta":{"footnotes":""},"categories":[209,391,1312,238],"tags":[],"class_list":["post-115404","post","type-post","status-publish","format-standard","has-post-thumbnail","hentry","category-igualtat-va","category-home-va","category-noticias-va","category-policia-local-va"],"_links":{"self":[{"href":"https:\/\/www.elche.es\/va\/wp-json\/wp\/v2\/posts\/115404","targetHints":{"allow":["GET"]}}],"collection":[{"href":"https:\/\/www.elche.es\/va\/wp-json\/wp\/v2\/posts"}],"about":[{"href":"https:\/\/www.elche.es\/va\/wp-json\/wp\/v2\/types\/post"}],"author":[{"embeddable":true,"href":"https:\/\/www.elche.es\/va\/wp-json\/wp\/v2\/users\/15"}],"replies":[{"embeddable":true,"href":"https:\/\/www.elche.es\/va\/wp-json\/wp\/v2\/comments?post=115404"}],"version-history":[{"count":0,"href":"https:\/\/www.elche.es\/va\/wp-json\/wp\/v2\/posts\/115404\/revisions"}],"wp:featuredmedia":[{"embeddable":true,"href":"https:\/\/www.elche.es\/va\/wp-json\/wp\/v2\/media\/115346"}],"wp:attachment":[{"href":"https:\/\/www.elche.es\/va\/wp-json\/wp\/v2\/media?parent=115404"}],"wp:term":[{"taxonomy":"category","embeddable":true,"href":"https:\/\/www.elche.es\/va\/wp-json\/wp\/v2\/categories?post=115404"},{"taxonomy":"post_tag","embeddable":true,"href":"https:\/\/www.elche.es\/va\/wp-json\/wp\/v2\/tags?post=115404"}],"curies":[{"name":"wp","href":"https:\/\/api.w.org\/{rel}","templated":true}]}}