{"id":11544,"date":"2016-12-23T14:45:58","date_gmt":"2016-12-23T13:45:58","guid":{"rendered":"http:\/\/www.elche.es\/va\/2016\/12\/el-ayuntamiento-denuncia-fiestas-ilegales-de-nochevieja\/"},"modified":"2017-01-11T14:37:50","modified_gmt":"2017-01-11T13:37:50","slug":"el-ayuntamiento-denuncia-fiestas-ilegales-de-nochevieja","status":"publish","type":"post","link":"https:\/\/www.elche.es\/va\/2016\/12\/el-ayuntamiento-denuncia-fiestas-ilegales-de-nochevieja\/","title":{"rendered":"El Ayuntamiento denuncia fiestas ilegales de Nochevieja"},"content":{"rendered":"<blockquote><p>El edil de Aperturas, Carlos S\u00e1nchez, advierte que la Polic\u00eda actuar\u00e1 en los locales que no tengan licencia<\/p><\/blockquote>\n<p>El edil de Aperturas, Carlos S\u00e1nchez, ha denunciado esta ma\u00f1ana la organizaci\u00f3n de fiestas ilegales de Nochevieja. En total son 10 los eventos sin licencia de los que el Ayuntamiento tiene constancia y las mismas se tienen previsto llevar a cabo en la zona c\u00e9ntrica de Elche.<\/p>\n<p>\u201cLa Polic\u00eda actuar\u00e1 en estos locales ilegales de los cuales se desconoce su zona exacta ya que en los carteles no lo especifican por miedo a ser pillados\u201d, ha se\u00f1alado Carlos S\u00e1nchez. Asimismo, ha advertido que los padres de menores tengan cuidado ya que en estas fiestas no piden DNI y pueden acceder al recinto, donde hay alcohol.<\/p>\n<p>Seg\u00fan afirmado el edil de Aperturas las caracter\u00edsticas generales de estas fiestas es que est\u00e1n organizadas por particulares y como reclamo ponen que no van a pedir el DNI, por lo que pueden entrar menores y la entrada oscila entre 7 a 10 euros.<\/p>\n<p>Con la actuaci\u00f3n Policial se mediar\u00e1 para la anulaci\u00f3n de las fiestas y as\u00ed evitar sucesos como el ocurrido hace unos a\u00f1os en el Madrid Arena.<\/p>\n","protected":false},"excerpt":{"rendered":"<p>El edil de Aperturas, Carlos S\u00e1nchez, advierte que la Polic\u00eda actuar\u00e1 en los locales que no tengan licencia El edil de Aperturas, Carlos S\u00e1nchez, ha denunciado esta ma\u00f1ana la organizaci\u00f3n [&hellip;]<\/p>\n","protected":false},"author":131,"featured_media":10769,"comment_status":"closed","ping_status":"closed","sticky":false,"template":"","format":"standard","meta":{"footnotes":""},"categories":[257,191,391,238],"tags":[406,744,745],"class_list":["post-11544","post","type-post","status-publish","format-standard","has-post-thumbnail","hentry","category-aperturas-va","category-festes-va","category-home-va","category-policia-local-va","tag-elche-va","tag-fiestas-ilegales-va","tag-nochevieja-va"],"_links":{"self":[{"href":"https:\/\/www.elche.es\/va\/wp-json\/wp\/v2\/posts\/11544","targetHints":{"allow":["GET"]}}],"collection":[{"href":"https:\/\/www.elche.es\/va\/wp-json\/wp\/v2\/posts"}],"about":[{"href":"https:\/\/www.elche.es\/va\/wp-json\/wp\/v2\/types\/post"}],"author":[{"embeddable":true,"href":"https:\/\/www.elche.es\/va\/wp-json\/wp\/v2\/users\/131"}],"replies":[{"embeddable":true,"href":"https:\/\/www.elche.es\/va\/wp-json\/wp\/v2\/comments?post=11544"}],"version-history":[{"count":0,"href":"https:\/\/www.elche.es\/va\/wp-json\/wp\/v2\/posts\/11544\/revisions"}],"wp:featuredmedia":[{"embeddable":true,"href":"https:\/\/www.elche.es\/va\/wp-json\/wp\/v2\/media\/10769"}],"wp:attachment":[{"href":"https:\/\/www.elche.es\/va\/wp-json\/wp\/v2\/media?parent=11544"}],"wp:term":[{"taxonomy":"category","embeddable":true,"href":"https:\/\/www.elche.es\/va\/wp-json\/wp\/v2\/categories?post=11544"},{"taxonomy":"post_tag","embeddable":true,"href":"https:\/\/www.elche.es\/va\/wp-json\/wp\/v2\/tags?post=11544"}],"curies":[{"name":"wp","href":"https:\/\/api.w.org\/{rel}","templated":true}]}}