{"id":115504,"date":"2020-04-21T15:42:07","date_gmt":"2020-04-21T14:42:07","guid":{"rendered":"http:\/\/www.elche.es\/va\/?p=115504"},"modified":"2020-04-21T15:42:07","modified_gmt":"2020-04-21T14:42:07","slug":"lajuntament-incloura-advocatsdes-i-procuradorses-com-perceptorses-les-ajudes-del-pla-reactivat-elx","status":"publish","type":"post","link":"https:\/\/www.elche.es\/va\/2020\/04\/lajuntament-incloura-advocatsdes-i-procuradorses-com-perceptorses-les-ajudes-del-pla-reactivat-elx\/","title":{"rendered":"L&#8217;Ajuntament inclour\u00e0 advocats\/des, i procuradors\/es com a perceptors\/es de les ajudes del Pla Reactiva\u2019t Elx"},"content":{"rendered":"<div class=\"wpb-content-wrapper\"><p>[vc_row][vc_column][vc_column_text]<\/p>\n<hr \/>\n<h4>El regidor de Promoci\u00f3 Econ\u00f2mica, Carles Molina, destaca que la dotaci\u00f3 del programa \u00e9s de 3,4 milions d&#8217;euros i les persones benefici\u00e0ries seran aquelles que hagen vist minvada en almenys el 40% la seua facturaci\u00f3 durant l&#8217;estat d&#8217;alarma<\/h4>\n<hr \/>\n<p>[\/vc_column_text][\/vc_column][\/vc_row][vc_row][vc_column][vc_column_text]L&#8217;Ajuntament, a trav\u00e9s de la Regidoria de Promoci\u00f3 Econ\u00f2mica, est\u00e0 elaborant les bases de les ajudes del Pla Reactiva\u2019t Elx, un programa, dotat de 3,4 milions d&#8217;euros, destinat a aut\u00f2noms\/es i pimes. Com a novetat, el regidor de Promoci\u00f3 Econ\u00f2mica, Carles Molina, ha explicat que s&#8217;inclouran, entre les possibles perceptores de les ajudes, a m\u00e9s d&#8217;aquelles persones que estan en R\u00e8gim Aut\u00f2nom (RETA), pertanyent a la modalitat habitual, a les aut\u00f2nomes mutualistes, entre les quals, advocades i procuradores. No obstant aix\u00f2, Molina ha indicat que les persones benefici\u00e0ries del subsidi seran aquelles que hagen vist minvada en almenys el 40% la seua facturaci\u00f3 respecte al mes anterior de la declaraci\u00f3 de l&#8217;estat d&#8217;alarma.<\/p>\n<p>L&#8217;edil considera que \u201caquest pla \u00e9s una demostraci\u00f3 clara de la voluntat de l&#8217;Equip de Govern en la reactivaci\u00f3 de l&#8217;economia municipal per a superar la crisi provocada per la Covid-19\u201d, i ha afegit que \u201ces posaran en marxa gr\u00e0cies a la modificaci\u00f3 pressupost\u00e0ria que es presentar\u00e0 dem\u00e0 en el Ple, que per primera vegada en la seua hist\u00f2ria, es realitzar\u00e0 de manera telem\u00e0tica\u201d.<\/p>\n<p>Aix\u00ed mateix, Molina ha assenyalat que s&#8217;estan estudiant les aportacions de l&#8217;oposici\u00f3 per a poder incloure-les dins d&#8217;aquestes bases i perqu\u00e8 aconseguisquen el major consens possible ja que \u201cs\u00f3n unes ajudes molt importants per a les persones aut\u00f2nomes i les petites empreses d&#8217;Elx\u201d.<\/p>\n<hr \/>\n<p>[\/vc_column_text][\/vc_column][\/vc_row]<\/p>\n<\/div>","protected":false},"excerpt":{"rendered":"<p>[vc_row][vc_column][vc_column_text] El regidor de Promoci\u00f3 Econ\u00f2mica, Carles Molina, destaca que la dotaci\u00f3 del programa \u00e9s de 3,4 milions d&#8217;euros i les persones benefici\u00e0ries seran aquelles que hagen vist minvada en [&hellip;]<\/p>\n","protected":false},"author":15,"featured_media":114684,"comment_status":"closed","ping_status":"closed","sticky":false,"template":"","format":"standard","meta":{"footnotes":""},"categories":[391,1312,183],"tags":[],"class_list":["post-115504","post","type-post","status-publish","format-standard","has-post-thumbnail","hentry","category-home-va","category-noticias-va","category-pomocio-economica"],"_links":{"self":[{"href":"https:\/\/www.elche.es\/va\/wp-json\/wp\/v2\/posts\/115504","targetHints":{"allow":["GET"]}}],"collection":[{"href":"https:\/\/www.elche.es\/va\/wp-json\/wp\/v2\/posts"}],"about":[{"href":"https:\/\/www.elche.es\/va\/wp-json\/wp\/v2\/types\/post"}],"author":[{"embeddable":true,"href":"https:\/\/www.elche.es\/va\/wp-json\/wp\/v2\/users\/15"}],"replies":[{"embeddable":true,"href":"https:\/\/www.elche.es\/va\/wp-json\/wp\/v2\/comments?post=115504"}],"version-history":[{"count":0,"href":"https:\/\/www.elche.es\/va\/wp-json\/wp\/v2\/posts\/115504\/revisions"}],"wp:featuredmedia":[{"embeddable":true,"href":"https:\/\/www.elche.es\/va\/wp-json\/wp\/v2\/media\/114684"}],"wp:attachment":[{"href":"https:\/\/www.elche.es\/va\/wp-json\/wp\/v2\/media?parent=115504"}],"wp:term":[{"taxonomy":"category","embeddable":true,"href":"https:\/\/www.elche.es\/va\/wp-json\/wp\/v2\/categories?post=115504"},{"taxonomy":"post_tag","embeddable":true,"href":"https:\/\/www.elche.es\/va\/wp-json\/wp\/v2\/tags?post=115504"}],"curies":[{"name":"wp","href":"https:\/\/api.w.org\/{rel}","templated":true}]}}