{"id":116595,"date":"2020-05-05T13:30:00","date_gmt":"2020-05-05T12:30:00","guid":{"rendered":"http:\/\/www.elche.es\/va\/?p=116595"},"modified":"2020-05-05T13:33:29","modified_gmt":"2020-05-05T12:33:29","slug":"lajuntament-diu-que-la-llei-impedeix-que-les-pedanies-il%c2%b7licitanes-poden-tindre-llibertat-en-les-franges-horaries","status":"publish","type":"post","link":"https:\/\/www.elche.es\/va\/2020\/05\/lajuntament-diu-que-la-llei-impedeix-que-les-pedanies-il%c2%b7licitanes-poden-tindre-llibertat-en-les-franges-horaries\/","title":{"rendered":"L&#8217;Ajuntament diu que la llei impedeix que les pedanies il\u00b7licitanes puguen tindre llibertat en les franges hor\u00e0ries"},"content":{"rendered":"<div class=\"wpb-content-wrapper\"><p>[vc_row][vc_column][vc_column_text]<\/p>\n<hr \/>\n<h4>El regidor de Seguretat, Ram\u00f3n Abad, explica que les pedanies il\u00b7licitanes no es troben en els sup\u00f2sits que permeten la llibertat hor\u00e0ria, ja que ni tenen personalitat jur\u00eddica, ni capacitat de gesti\u00f3 desconcentrada com requereix la norma<\/h4>\n<hr \/>\n<h4>\u201cAfrontar les fases de desescalada de manera uniforme en tot el terme municipal \u00e9s molt m\u00e9s operatiu per a evitar la propagaci\u00f3 del coronavirus\u201d, explica el regidor<\/h4>\n<hr \/>\n<p>[\/vc_column_text][\/vc_column][\/vc_row][vc_row][vc_column][vc_column_text]El regidor de Seguretat Ciutadana, Ram\u00f3n Abad, ha explicat que l&#8217;ordre remesa per la Subdelegaci\u00f3 del Govern impedeix que les pedanies il\u00b7licitanes es puguen acollir a les normes marcades pel Govern d&#8217;Espanya en la desescalada per als municipis de menys de 5.000 habitants.<\/p>\n<p>Tal com recull l&#8217;ofici de la Secretaria General de la Subdelegaci\u00f3 del Govern rem\u00e9s a l&#8217;Ajuntament el passat 2 de maig, no seran aplicable les franges hor\u00e0ries de l&#8217;article 5 de l&#8217;Ordre SND\/380\/2020 de 30 d&#8217;abril \u201c\u2026 tant les entitats d&#8217;\u00e0mbit territorial inferior al municipi que han mantingut la seua personalitat jur\u00eddica i la seua condici\u00f3 d&#8217;entitat local, com els que manquen de personalitat jur\u00eddica per\u00f2 estan reconegudes com a forma d&#8217;organitzaci\u00f3 desconcentrada per a l&#8217;administraci\u00f3 de nuclis de poblaci\u00f3 separats\u201d.<\/p>\n<p>Abad ha indicat que les pedanies il\u00b7licitanes no es troben en aquests sup\u00f2sits, \u00e9s a dir, ni tenen personalitat jur\u00eddica, ni capacitat de gesti\u00f3 desconcentrada, per la qual cosa s&#8217;han de regir per les normes generals per al municipi d&#8217;Elx.<\/p>\n<p>&nbsp;<\/p>\n<p>[\/vc_column_text][\/vc_column][\/vc_row][vc_row][vc_column][vc_video link=&#8221;https:\/\/youtu.be\/kLeuHD3L3O4&#8243;][\/vc_column][\/vc_row][vc_row][vc_column][vc_column_text]<\/p>\n<p>&nbsp;<\/p>\n<p>\u201cVull insistir que ens estem acollint estrictament a les normes establides tant pel Govern d&#8217;Espanya com per la Subdelegaci\u00f3 del Govern. Cal recordar que ens trobem encara en una situaci\u00f3 d&#8217;emerg\u00e8ncia sanit\u00e0ria i cal complir escrupolosament les indicacions de les autoritats sanit\u00e0ries. A m\u00e9s, afrontar les fases de desescalada de manera uniforme en tot el terme municipal \u00e9s molt m\u00e9s operatiu\u201d.<\/p>\n<p>El regidor ha al\u00b7ludit a raons t\u00e8cniques, a m\u00e9s de les jur\u00eddiques, \u201cla mateixa operativa de seguretat ens indica que si som homogenis\u00a0en la presa de decisions i en el compliment de les normes ser\u00e0 m\u00e9s efectiu i operatiu el dispositiu\u201d.<\/p>\n<p>A m\u00e9s, Abad ha apuntat que \u201cen tercer lloc est\u00e0 una ra\u00f3 de l\u00f2gica i de sentit com\u00fa, que en aquests nuclis de poblaci\u00f3 s&#8217;eliminaren les franges hor\u00e0ries podria comportar que es mesclaren els grups de persones amb el risc que es produ\u00efren m\u00e9s contagis\u201d.<\/p>\n<p>\u201cFins a aquest moment tots els il\u00b7licitans i les il\u00b7licitanes estem complint amb la nostra responsabilitat, contribuint al fet que la incid\u00e8ncia del virus a Elx siga relativament millor que en altres municipis. Quan prenem aquesta decisi\u00f3, no estem davant una imposici\u00f3 a les pedanies, es tracta d&#8217;una decisi\u00f3 que s&#8217;ha pres pensant en l&#8217;inter\u00e9s general de la poblaci\u00f3, en el sentit com\u00fa i en el compliment de q\u00fcestions jur\u00eddiques. Per tant, apel\u00b7lem a la comprensi\u00f3. Junts\/es eixirem d&#8217;aquesta crisi, junts\/es vencerem al coronavirus i entre tots i totes guanyarem aquesta batalla\u201d.<\/p>\n<hr \/>\n<p>[\/vc_column_text][\/vc_column][\/vc_row]<\/p>\n<\/div>","protected":false},"excerpt":{"rendered":"<p>[vc_row][vc_column][vc_column_text] El regidor de Seguretat, Ram\u00f3n Abad, explica que les pedanies il\u00b7licitanes no es troben en els sup\u00f2sits que permeten la llibertat hor\u00e0ria, ja que ni tenen personalitat jur\u00eddica, ni [&hellip;]<\/p>\n","protected":false},"author":15,"featured_media":116578,"comment_status":"closed","ping_status":"closed","sticky":false,"template":"","format":"standard","meta":{"footnotes":""},"categories":[391,1312,2235],"tags":[],"class_list":["post-116595","post","type-post","status-publish","format-standard","has-post-thumbnail","hentry","category-home-va","category-noticias-va","category-pedania"],"_links":{"self":[{"href":"https:\/\/www.elche.es\/va\/wp-json\/wp\/v2\/posts\/116595","targetHints":{"allow":["GET"]}}],"collection":[{"href":"https:\/\/www.elche.es\/va\/wp-json\/wp\/v2\/posts"}],"about":[{"href":"https:\/\/www.elche.es\/va\/wp-json\/wp\/v2\/types\/post"}],"author":[{"embeddable":true,"href":"https:\/\/www.elche.es\/va\/wp-json\/wp\/v2\/users\/15"}],"replies":[{"embeddable":true,"href":"https:\/\/www.elche.es\/va\/wp-json\/wp\/v2\/comments?post=116595"}],"version-history":[{"count":0,"href":"https:\/\/www.elche.es\/va\/wp-json\/wp\/v2\/posts\/116595\/revisions"}],"wp:featuredmedia":[{"embeddable":true,"href":"https:\/\/www.elche.es\/va\/wp-json\/wp\/v2\/media\/116578"}],"wp:attachment":[{"href":"https:\/\/www.elche.es\/va\/wp-json\/wp\/v2\/media?parent=116595"}],"wp:term":[{"taxonomy":"category","embeddable":true,"href":"https:\/\/www.elche.es\/va\/wp-json\/wp\/v2\/categories?post=116595"},{"taxonomy":"post_tag","embeddable":true,"href":"https:\/\/www.elche.es\/va\/wp-json\/wp\/v2\/tags?post=116595"}],"curies":[{"name":"wp","href":"https:\/\/api.w.org\/{rel}","templated":true}]}}