{"id":116970,"date":"2020-05-08T15:06:17","date_gmt":"2020-05-08T14:06:17","guid":{"rendered":"http:\/\/www.elche.es\/va\/?p=116970"},"modified":"2020-05-08T15:06:17","modified_gmt":"2020-05-08T14:06:17","slug":"lalcalde-demana-a-la-poblacio-extremar-la-precaucio-davant-la-imminent-entrada-en-la-fase-1-de-la-desescalada","status":"publish","type":"post","link":"https:\/\/www.elche.es\/va\/2020\/05\/lalcalde-demana-a-la-poblacio-extremar-la-precaucio-davant-la-imminent-entrada-en-la-fase-1-de-la-desescalada\/","title":{"rendered":"L&#8217;alcalde demana a la poblaci\u00f3 extremar la precauci\u00f3 davant la imminent entrada en la Fase 1 de la desescalada"},"content":{"rendered":"<div class=\"wpb-content-wrapper\"><p>[vc_row][vc_column][vc_column_text]<\/p>\n<hr \/>\n<h4>\u201cQue continuem mantenint baix control el virus exigeix que cadascun i cadascuna de nosaltres siguem estrictes amb el distanciament social i amb les normes d&#8217;higiene individual i col\u00b7lectiva\u201d, assegura Carlos Gonz\u00e1lez<\/h4>\n<hr \/>\n<h4>\u201cEstem en un moment en qu\u00e8 s&#8217;ha produ\u00eft una disminuci\u00f3 de la percepci\u00f3 del risc i per aix\u00f2 \u00e9s fa necessari fer un crit d&#8217;atenci\u00f3 al fet que continua havent-hi un risc real de contagi\u201d<\/h4>\n<hr \/>\n<p>&nbsp;[\/vc_column_text][\/vc_column][\/vc_row][vc_row][vc_column][vc_column_text]L&#8217;alcalde d&#8217;Elx, Carlos Gonz\u00e1lez, ha fet una crida als il\u00b7licitans i a les il\u00b7licitanes perqu\u00e8 extremen les precaucions davant la m\u00e9s que probable entrada en la fase 1 de la desescalada dilluns que ve, 11 de maig.<\/p>\n<p>\u201cEstem conven\u00e7uts que la nostra ciutat reuneix les condicions i els par\u00e0metres, tant epidemiol\u00f2gics com sanitaris, per a progressar a la Fase 1. Davant d&#8217;aix\u00f2, vull emfatitzar que representa una fase de major obertura, de reducci\u00f3 de les limitacions socials i tamb\u00e9 de l&#8217;\u00e0mbit socioecon\u00f2mic que hem vingut patint en l&#8217;estat d&#8217;alarma fins ara. La Fase 1 significa major obertura al contacte social, l&#8217;obertura generalitzada d&#8217;establiments comercials (amb aforament limitat i distanciament social) i l&#8217;obertura de terrasses i establiments tur\u00edstics\u201d ha explicat l&#8217;alcalde, qui ha afegit que \u201cdavant aquesta nova situaci\u00f3 vull fer una crida a extremar la precauci\u00f3\u201d.<\/p>\n<p>Gonz\u00e1lez assegura estar conven\u00e7ut que l&#8217;\u00e8xit de la desescalada dep\u00e9n ara per complet de la responsabilitat individual i de la disciplina social.<\/p>\n<p>&nbsp;[\/vc_column_text][\/vc_column][\/vc_row][vc_row][vc_column][vc_video link=&#8221;https:\/\/youtu.be\/TJxRu51N4EE&#8221;][\/vc_column][\/vc_row][vc_row][vc_column][vc_column_text]&nbsp;<\/p>\n<p>\u201cQue tot isca b\u00e9 i que continuem mantenint baix control el virus exigeix que cadascuna i cadascun de nosaltres siguem estrictes amb el distanciament social i amb les normes d&#8217;higiene individual i col\u00b7lectiva\u201d, ha destacat l&#8217;alcalde, qui insisteix que en aquesta Fase 1 cobra major import\u00e0ncia \u201cla nostra responsabilitat individual\u201d.<\/p>\n<p>Gonz\u00e1lez recorda que hi ha un \u201crisc cert\u201d de contagi. \u201cEstem en un moment en qu\u00e8 s&#8217;ha produ\u00eft una disminuci\u00f3 de la percepci\u00f3 del risc i per aix\u00f2 \u00e9s necessari fer un crit d&#8217;atenci\u00f3 al fet que continua havent-hi un risc real de contagi i davant aix\u00f2 hem de ser molt previnguts per a continuar mantenint controlada la taxa de contagis i l&#8217;epid\u00e8mia\u201d.<\/p>\n<p>L&#8217;alcalde ha elogiat el comportament dels il\u00b7licitans i de les il\u00b7licitanes. \u201cLa poblaci\u00f3 il\u00b7licitana ha sigut realment mod\u00e8lica des que es va decretar l&#8217;estat d&#8217;alarma i el confinament el 14 de mar\u00e7. El que demane ara, davant l&#8217;inici de la Fase 1, \u00e9s que seguim sent mod\u00e8lics i que continuem exercint la responsabilitat individual i la disciplina col\u00b7lectiva rigorosament, perqu\u00e8 \u00e9s el millor mecanisme per a tindre \u00e8xit i continuar avan\u00e7ant cap a la normalitat\u201d.<\/p>\n<hr \/>\n<p>&nbsp;[\/vc_column_text][\/vc_column][\/vc_row]<\/p>\n<\/div>","protected":false},"excerpt":{"rendered":"<p>[vc_row][vc_column][vc_column_text] \u201cQue continuem mantenint baix control el virus exigeix que cadascun i cadascuna de nosaltres siguem estrictes amb el distanciament social i amb les normes d&#8217;higiene individual i col\u00b7lectiva\u201d, assegura [&hellip;]<\/p>\n","protected":false},"author":15,"featured_media":115837,"comment_status":"closed","ping_status":"closed","sticky":false,"template":"","format":"standard","meta":{"footnotes":""},"categories":[391,1312],"tags":[],"class_list":["post-116970","post","type-post","status-publish","format-standard","has-post-thumbnail","hentry","category-home-va","category-noticias-va"],"_links":{"self":[{"href":"https:\/\/www.elche.es\/va\/wp-json\/wp\/v2\/posts\/116970","targetHints":{"allow":["GET"]}}],"collection":[{"href":"https:\/\/www.elche.es\/va\/wp-json\/wp\/v2\/posts"}],"about":[{"href":"https:\/\/www.elche.es\/va\/wp-json\/wp\/v2\/types\/post"}],"author":[{"embeddable":true,"href":"https:\/\/www.elche.es\/va\/wp-json\/wp\/v2\/users\/15"}],"replies":[{"embeddable":true,"href":"https:\/\/www.elche.es\/va\/wp-json\/wp\/v2\/comments?post=116970"}],"version-history":[{"count":0,"href":"https:\/\/www.elche.es\/va\/wp-json\/wp\/v2\/posts\/116970\/revisions"}],"wp:featuredmedia":[{"embeddable":true,"href":"https:\/\/www.elche.es\/va\/wp-json\/wp\/v2\/media\/115837"}],"wp:attachment":[{"href":"https:\/\/www.elche.es\/va\/wp-json\/wp\/v2\/media?parent=116970"}],"wp:term":[{"taxonomy":"category","embeddable":true,"href":"https:\/\/www.elche.es\/va\/wp-json\/wp\/v2\/categories?post=116970"},{"taxonomy":"post_tag","embeddable":true,"href":"https:\/\/www.elche.es\/va\/wp-json\/wp\/v2\/tags?post=116970"}],"curies":[{"name":"wp","href":"https:\/\/api.w.org\/{rel}","templated":true}]}}