{"id":117949,"date":"2020-05-21T12:31:07","date_gmt":"2020-05-21T11:31:07","guid":{"rendered":"http:\/\/www.elche.es\/va\/?p=117949"},"modified":"2020-05-21T12:31:07","modified_gmt":"2020-05-21T11:31:07","slug":"la-prefectura-de-la-policia-local-rep-un-total-de-27-096-telefonades-durant-lestat-dalarma","status":"publish","type":"post","link":"https:\/\/www.elche.es\/va\/2020\/05\/la-prefectura-de-la-policia-local-rep-un-total-de-27-096-telefonades-durant-lestat-dalarma\/","title":{"rendered":"La Prefectura de la Policia Local rep un total de 27.096 telefonades durant l&#8217;estat d&#8217;alarma"},"content":{"rendered":"<div class=\"wpb-content-wrapper\"><p>[vc_row][vc_column][vc_column_text]<\/p>\n<h4>El regidor de Seguretat Ciutadana, Ram\u00f3n Abad, i el cap del cos municipal, C\u00e9sar Zaragoza, valoren les actuacions des del dissabte 14 de mar\u00e7, quan Moncloa va aprovar el Reial Decret 463\/2020<\/h4>\n<hr \/>\n<h4>Durant aquest per\u00edode, s&#8217;ha identificat 32.144 persones de les quals 45 van ser detingudes i es van fer 10.378 propostes de sanci\u00f3 per incomplir la normativa derivada de la quarantena sobre la base de la Llei org\u00e0nica 4\/2015<\/h4>\n<hr \/>\n<h4>De cara a l&#8217;estiu, la unitat ciclista, mar\u00edtima i a\u00e8ria \u2013amb drons\u2013 avan\u00e7ar\u00e0 enguany la seua posada en marxa a les platges del municipi i es vigilar\u00e0 el compliment del distanciament social en esdeveniments<\/h4>\n<hr \/>\n<p>&nbsp;[\/vc_column_text][\/vc_column][\/vc_row][vc_row][vc_column][vc_column_text]El regidor de Seguretat Ciutadana, Ram\u00f3n Abad, i el cap de la Policia Local d&#8217;Elx, C\u00e9sar Zaragoza, han valorat les actuacions del cos municipal durant l&#8217;estat d&#8217;alarma per la pand\u00e8mia de coronavirus i han realitzat una previsi\u00f3 de les actuacions que es duran a terme en la desescalada i en la campanya estival, que inclouen avan\u00e7ar la posada en marxa aquest any de les unitats ciclista, mar\u00edtima i a\u00e8ria \u2013amb drons\u2013 a les platges del municipi i procurar el compliment del distanciaments social en esdeveniments.<\/p>\n<p>Tal com ha explicat Abad, des que Moncloa aprovara el Reial Decret 463\/2020 el dissabte 14 de mar\u00e7, la policia il\u00b7licitana ha identificat 32.144 persones de les quals 45 van ser detingudes i es van fer 10.378 propostes per a sanci\u00f3 per incomplir la normativa derivada de la quarantena sobre la base de la Llei Org\u00e0nica 4\/2015. A m\u00e9s, un total de 1.387 vehicles han sigut interceptats, 73 establiments clausurats i 152 indigents remesos a l&#8217;alberge temporal situat en el pavell\u00f3 del poliesportiu del Toscar.<\/p>\n<p>La sala d&#8217;operacions de la Policia Local, refor\u00e7ada amb agents en segona activitat ha at\u00e9s el 100% de les 404 telefonades di\u00e0ries de mitjana que ha efectuat la ciutadania (un total de 27.096), relatives principalment a consultes sobre l&#8217;estat d&#8217;alarma (6.019), mol\u00e8sties ve\u00efnals per soroll (737), sol\u00b7licituds d&#8217;auxili (683) i d&#8217;informaci\u00f3 general (221).<\/p>\n<p>Quant a protecci\u00f3 d&#8217;infraestructures en\u00a0compliment del Reial Decret, un total de 2.799 policies van participar en 1.104 dispositius destinats a salvaguardar infraestructures sanit\u00e0ries i mantindre l&#8217;ordre en comer\u00e7os de distribuci\u00f3 d&#8217;aliments, especialment a l&#8217;inici del confinament, per\u00edode en el qual els agents es van centrar en fer pedagogia i en informar sobre les mesures interposades pel Govern d&#8217;Espanya.<\/p>\n<p>&nbsp;[\/vc_column_text][\/vc_column][\/vc_row][vc_row][vc_column][vc_video link=&#8221;https:\/\/youtu.be\/-eiagN_8qYg&#8221;][\/vc_column][\/vc_row][vc_row][vc_column][vc_column_text]&nbsp;<\/p>\n<p>Abad tamb\u00e9 ha esmentat els serveis desplegats per al repartiment de m\u00e0scares als transports p\u00fablics i a farm\u00e0cies, en l&#8217;obertura del vessant del riu i a les platges per a la pr\u00e0ctica esportiva, a entitats banc\u00e0ries i a instal\u00b7lacions esportives o a les OMAC, a m\u00e9s de col\u00b7laborar amb el Cos Nacional de Policia en els controls de vehicles diaris al Parc Empresarial o en dates clau com el pont de Setmana Santa o del Primer de Maig.<\/p>\n<p>La Policia Local d&#8217;Elx, igualment, va implantar des del comen\u00e7ament de l&#8217;epid\u00e8mia mesures encaminades a evitar la propagaci\u00f3 del patogen a les depend\u00e8ncies de Prefectura, com la neteja i la desinfecci\u00f3 o la formaci\u00f3 cont\u00ednua en riscos espec\u00edfics lligats al COVID-19. Per a enfortir la plantilla, es van contractar 11 agent interins.<\/p>\n<p>El regidor, que ha destacat el \u201ccomportament mod\u00e8lic i c\u00edvic\u201d de la societat d&#8217;Elx durant tot l&#8217;estat d&#8217;alarma, ha assumit tota la responsabilitat en cas que \u201chaguera existit qualsevol error\u201d i ha atribu\u00eft \u201cels \u00e8xits\u201d als homes i dones que componen la Policia Local, a qui ha agra\u00eft \u201cla labor immensa que han exercit tots i cadascun dels i de les agents i oficials des del primer dia\u201d.<\/p>\n<p>&nbsp;[\/vc_column_text][\/vc_column][\/vc_row][vc_row][vc_column][vc_single_image image=&#8221;117930&#8243; img_size=&#8221;full&#8221;][\/vc_column][\/vc_row][vc_row][vc_column][vc_column_text]&nbsp;<\/p>\n<h5>Reobertura dels cementeris<\/h5>\n<p>Zaragoza, per part seua, ha revelat els dispositius de vigil\u00e0ncia que s&#8217;aplicaran, com el que comen\u00e7a dem\u00e0 als cementeris \u2013es permetr\u00e0 un aforament m\u00e0xim de 15 persones\u2013, en la gradual reobertura de la resta comer\u00e7os i instal\u00b7laci\u00f3 de terrasses i en els mercats ambulants. Tot aix\u00f2 sense desatendre els operatius habituals de cara a l&#8217;estiu: controls d&#8217;alcohol\u00e8mia i estupefaents al litoral i la prevenci\u00f3 de delictes en pedanies.<\/p>\n<hr \/>\n<p>&nbsp;[\/vc_column_text][\/vc_column][\/vc_row]<\/p>\n<\/div>","protected":false},"excerpt":{"rendered":"<p>[vc_row][vc_column][vc_column_text] El regidor de Seguretat Ciutadana, Ram\u00f3n Abad, i el cap del cos municipal, C\u00e9sar Zaragoza, valoren les actuacions des del dissabte 14 de mar\u00e7, quan Moncloa va aprovar el [&hellip;]<\/p>\n","protected":false},"author":15,"featured_media":117932,"comment_status":"closed","ping_status":"closed","sticky":false,"template":"","format":"standard","meta":{"footnotes":""},"categories":[391,1312,238],"tags":[],"class_list":["post-117949","post","type-post","status-publish","format-standard","has-post-thumbnail","hentry","category-home-va","category-noticias-va","category-policia-local-va"],"_links":{"self":[{"href":"https:\/\/www.elche.es\/va\/wp-json\/wp\/v2\/posts\/117949","targetHints":{"allow":["GET"]}}],"collection":[{"href":"https:\/\/www.elche.es\/va\/wp-json\/wp\/v2\/posts"}],"about":[{"href":"https:\/\/www.elche.es\/va\/wp-json\/wp\/v2\/types\/post"}],"author":[{"embeddable":true,"href":"https:\/\/www.elche.es\/va\/wp-json\/wp\/v2\/users\/15"}],"replies":[{"embeddable":true,"href":"https:\/\/www.elche.es\/va\/wp-json\/wp\/v2\/comments?post=117949"}],"version-history":[{"count":0,"href":"https:\/\/www.elche.es\/va\/wp-json\/wp\/v2\/posts\/117949\/revisions"}],"wp:featuredmedia":[{"embeddable":true,"href":"https:\/\/www.elche.es\/va\/wp-json\/wp\/v2\/media\/117932"}],"wp:attachment":[{"href":"https:\/\/www.elche.es\/va\/wp-json\/wp\/v2\/media?parent=117949"}],"wp:term":[{"taxonomy":"category","embeddable":true,"href":"https:\/\/www.elche.es\/va\/wp-json\/wp\/v2\/categories?post=117949"},{"taxonomy":"post_tag","embeddable":true,"href":"https:\/\/www.elche.es\/va\/wp-json\/wp\/v2\/tags?post=117949"}],"curies":[{"name":"wp","href":"https:\/\/api.w.org\/{rel}","templated":true}]}}