{"id":117996,"date":"2020-05-21T19:37:54","date_gmt":"2020-05-21T18:37:54","guid":{"rendered":"http:\/\/www.elche.es\/va\/?p=117996"},"modified":"2020-05-21T19:37:54","modified_gmt":"2020-05-21T18:37:54","slug":"lajuntament-agraeix-a-la-gestora-de-festejos-el-lliurament-de-1-700-quilos-daliments-per-als-col%c2%b7lectius-mes-desfavorits","status":"publish","type":"post","link":"https:\/\/www.elche.es\/va\/2020\/05\/lajuntament-agraeix-a-la-gestora-de-festejos-el-lliurament-de-1-700-quilos-daliments-per-als-col%c2%b7lectius-mes-desfavorits\/","title":{"rendered":"L&#8217;Ajuntament agraeix a la Gestora de Festejos el lliurament de 1.700 quilos d&#8217;aliments per als col\u00b7lectius m\u00e9s desfavorits"},"content":{"rendered":"<div class=\"wpb-content-wrapper\"><p>[vc_row][vc_column][vc_column_text]<\/p>\n<hr \/>\n<h4>S&#8217;ha realitzat la donaci\u00f3 de 400 quilos de menjar a l&#8217;Escola d&#8217;Hostaleria d&#8217;Elx i de 1.300 quilos al Banc d&#8217;Aliments que gestiona DYA<\/h4>\n<hr \/>\n<h4>La regidora de\u00a0Festes, Mariola Galiana, i els regidors de Drets Socials, Mariano Valera, i de Promoci\u00f3 Econ\u00f2mica, Carles Molina, acompanyen el president dels ens festers, Fernando Ja\u00e9n, en aquest lliurament solidari<\/h4>\n<hr \/>\n<p>[\/vc_column_text][\/vc_column][\/vc_row][vc_row][vc_column][vc_column_text]Els gestos solidaris no paren, comprom\u00eds que es plasma en donacions d&#8217;aliments i productes de primera necessitat. Aquesta vegada l&#8217;Ajuntament d&#8217;Elx ha agra\u00eft a la Federaci\u00f3 Gestora de Festejos Populars el lliurament de 1.700 quilos de menjar que aniran destinats als col\u00b7lectius m\u00e9s vulnerables de la ciutat.<\/p>\n<p>La donaci\u00f3 ha consistit en dos lliuraments d&#8217;aliments. D&#8217;una banda, a primera hora del mat\u00ed d&#8217;aquest dijous la Gestora juntament amb l&#8217;edil de Drets Socials, Mariano Valera, la de Festes, Mariola Galiana, i el de Promoci\u00f3 Econ\u00f2mica, Carles Molina, ha entregat 400 quilos de productes alimentosos a Alacant Gastron\u00f2mica Solid\u00e0ria a l&#8217;Escola Municipal d&#8217;Hostaleria.<\/p>\n<p>Aquest acte altruista ha continuat al Banc d&#8217;Aliments que gestiona DYA a Altabix, on la gestora, en nom de totes les comissions de festes, ha donat 1.300 quilos d&#8217;aliments a totes aquelles fam\u00edlies necessitades que han vist la seua situaci\u00f3 agreujada per la crisi sanit\u00e0ria de la covid-19.<\/p>\n<p>Valera ha agra\u00eft aquest gest solidari que se suma als 55.000 quilos que han anat a parar a les necessitats i demandes de persones en situaci\u00f3 de vulnerabilitat. \u201cDes de l&#8217;Ajuntament, a trav\u00e9s de la Regidoria de Drets Socials, continuarem treballant perqu\u00e8 ning\u00fa en aquesta crisi es quede arrere\u201d.<\/p>\n<p>Aix\u00ed mateix, Galiana ha elogiat la solidaritat dels ens festers i ha destacat que \u201caix\u00f2 demostra una vegada m\u00e9s el tarann\u00e0 humanitari de la ciutat\u201d.<\/p>\n<p>Per part seua, el president de la Federaci\u00f3 Gestora de Festejos Populars, Fernando Ja\u00e9n, ha volgut mostrar el seu suport i ha agra\u00eft la labor de DYA i l&#8217;Ajuntament.<\/p>\n<p>Tamb\u00e9 el coordinador de DYA, Antonio Tar\u00ed, ha agra\u00eft la col\u00b7laboraci\u00f3 del voluntariat per \u201cfer i repartir els lots que arriben a centenars de fam\u00edlies\u201d.<\/p>\n<hr \/>\n<p>[\/vc_column_text][\/vc_column][\/vc_row]<\/p>\n<\/div>","protected":false},"excerpt":{"rendered":"<p>[vc_row][vc_column][vc_column_text] S&#8217;ha realitzat la donaci\u00f3 de 400 quilos de menjar a l&#8217;Escola d&#8217;Hostaleria d&#8217;Elx i de 1.300 quilos al Banc d&#8217;Aliments que gestiona DYA La regidora de\u00a0Festes, Mariola Galiana, i [&hellip;]<\/p>\n","protected":false},"author":15,"featured_media":117969,"comment_status":"closed","ping_status":"closed","sticky":false,"template":"","format":"standard","meta":{"footnotes":""},"categories":[190,1546,191,391,1312],"tags":[],"class_list":["post-117996","post","type-post","status-publish","format-standard","has-post-thumbnail","hentry","category-drets-socials","category-emergencias-va","category-festes-va","category-home-va","category-noticias-va"],"_links":{"self":[{"href":"https:\/\/www.elche.es\/va\/wp-json\/wp\/v2\/posts\/117996","targetHints":{"allow":["GET"]}}],"collection":[{"href":"https:\/\/www.elche.es\/va\/wp-json\/wp\/v2\/posts"}],"about":[{"href":"https:\/\/www.elche.es\/va\/wp-json\/wp\/v2\/types\/post"}],"author":[{"embeddable":true,"href":"https:\/\/www.elche.es\/va\/wp-json\/wp\/v2\/users\/15"}],"replies":[{"embeddable":true,"href":"https:\/\/www.elche.es\/va\/wp-json\/wp\/v2\/comments?post=117996"}],"version-history":[{"count":0,"href":"https:\/\/www.elche.es\/va\/wp-json\/wp\/v2\/posts\/117996\/revisions"}],"wp:featuredmedia":[{"embeddable":true,"href":"https:\/\/www.elche.es\/va\/wp-json\/wp\/v2\/media\/117969"}],"wp:attachment":[{"href":"https:\/\/www.elche.es\/va\/wp-json\/wp\/v2\/media?parent=117996"}],"wp:term":[{"taxonomy":"category","embeddable":true,"href":"https:\/\/www.elche.es\/va\/wp-json\/wp\/v2\/categories?post=117996"},{"taxonomy":"post_tag","embeddable":true,"href":"https:\/\/www.elche.es\/va\/wp-json\/wp\/v2\/tags?post=117996"}],"curies":[{"name":"wp","href":"https:\/\/api.w.org\/{rel}","templated":true}]}}