{"id":118077,"date":"2020-05-22T13:33:37","date_gmt":"2020-05-22T12:33:37","guid":{"rendered":"http:\/\/www.elche.es\/va\/?p=118077"},"modified":"2020-05-22T13:33:37","modified_gmt":"2020-05-22T12:33:37","slug":"carlos-gonzalez-el-repte-es-que-ningu-quede-arrere-que-leixida-de-la-crisi-siga-rapida-i-amb-justicia-social","status":"publish","type":"post","link":"https:\/\/www.elche.es\/va\/2020\/05\/carlos-gonzalez-el-repte-es-que-ningu-quede-arrere-que-leixida-de-la-crisi-siga-rapida-i-amb-justicia-social\/","title":{"rendered":"Carlos Gonz\u00e1lez: \u201cEl repte \u00e9s que ning\u00fa quede arrere, que l&#8217;eixida de la crisi siga r\u00e0pida i amb just\u00edcia social\u201d"},"content":{"rendered":"<div class=\"wpb-content-wrapper\"><p>[vc_row][vc_column][vc_column_text]<\/p>\n<hr \/>\n<h4>L&#8217;alcalde d&#8217;Elx i els regidors de Promoci\u00f3 Econ\u00f2mica, Carles Molina; Esports, Vicente Alberola, i Drets Socials, Mariano Valera participen en la I Gala Virtual Solid\u00e0ria Club Rotary Elx organitzada pels clubs Rotary Elx i Rotary Illice<\/h4>\n<hr \/>\n<h4>Gonz\u00e1lez agraeix l&#8217;esfor\u00e7 dels rotaris per celebrar \u201caquesta iniciativa per a contribuir en el desenvolupament socioecon\u00f2mic local malgrat les dificultats actuals generades per la pand\u00e8mia del coronavirus\u201d<\/h4>\n<hr \/>\n<p>&nbsp;[\/vc_column_text][\/vc_column][\/vc_row][vc_row][vc_column][vc_column_text]Cada any per aquestes dates, el club Rotary Elx i Rotary Illice s&#8217;uneixen per a realitzar un gran sopar solidari. Un esdeveniment que en les \u00faltimes edicions va aconseguir congregar a prop de cinc-centes persones i en el qual diferents entitats o projectes concrets s\u00f3n els beneficiaris d&#8217;aquesta iniciativa. Per primera vegada, a causa de les circumst\u00e0ncies generades per l&#8217;estat d&#8217;alarma, no ha sigut possible la commemoraci\u00f3 presencial d&#8217;aquest acte.<\/p>\n<p>No obstant aix\u00f2, gr\u00e0cies a les noves tecnologies, els clubs rotaris van dur a terme ahir una versi\u00f3 virtual i totalment innovadora d&#8217;aquesta trobada. Un esdeveniment la recaptaci\u00f3 del qual anir\u00e0 destinada \u00edntegrament a causes solid\u00e0ries vinculades a la crisi sanit\u00e0ria generada pel covid-19. En la jornada van participar l&#8217;alcalde d&#8217;Elx, Carlos Gonz\u00e1lez; el regidor de Promoci\u00f3 Econ\u00f2mica, Carles Molina; el d&#8217;Esports, Vicente Alberola; el de Drets Socials, Mariano Valera; el president Club Rotary Elx, Joaqu\u00edn Garrido; el president Club Rotary Elx Illice, Salvador S\u00e1nchez; i el governador, Arturo Alag\u00f3.<\/p>\n<p>Gonz\u00e1lez va agrair el gran esfor\u00e7 i labor dels rotaris per a celebrar \u201caquesta iniciativa amb la finalitat de contribuir al progr\u00e9s i al desenvolupament socioecon\u00f2mic local malgrat les dificultats actuals generades per la pand\u00e8mia del coronavirus\u201d. Segons va assenyalar l&#8217;alcalde \u201cel repte \u00e9s que ning\u00fa quede arrere, que l&#8217;eixida de la crisi siga r\u00e0pida i amb just\u00edcia social\u201d.<\/p>\n<p>&nbsp;[\/vc_column_text][\/vc_column][\/vc_row][vc_row][vc_column][vc_single_image image=&#8221;118071&#8243; img_size=&#8221;full&#8221;][\/vc_column][\/vc_row][vc_row][vc_column][vc_column_text]&nbsp;<\/p>\n<p>\u201cQuasi ven\u00e7uda l&#8217;epid\u00e8mia ara hem de treballar per a doblegar les conseq\u00fc\u00e8ncies de la crisi sanit\u00e0ria\u201d, va destacar el regidor il\u00b7licit\u00e0, qui va continuar assenyalant que \u201c\u00e9s imprescindible sobreposar-nos i que treballem per a reconstruir el teixit econ\u00f2mic danyat a conseq\u00fc\u00e8ncia de la frenada econ\u00f2mica sense precedents que vivim a escala local i mundial\u201d.<\/p>\n<p>Aix\u00ed mateix, Gonz\u00e1lez va subratllar que l&#8217;objectiu determinant radica a \u201crecuperar la confian\u00e7a, reactivar l&#8217;economia i l&#8217;ocupaci\u00f3, aix\u00ed com possibilitar una eixida r\u00e0pida de la profunda crisi generada per l&#8217;emerg\u00e8ncia sanit\u00e0ria\u201d.<\/p>\n<p>Durant l&#8217;acte es va poder gaudir de l&#8217;actuaci\u00f3 de ball de la ballarina, Asunci\u00f3n Noales, i de m\u00fasica interpretada pel pianista Salvador S\u00e1nchez i el tenor Antonio Garc\u00eda. Per a finalitzar es va realitzar un sorteig virtual entre les persones assistents i un brindis.<\/p>\n<p>En la gal\u00b7la multitud d&#8217;empreses de tota mena van col\u00b7laborar amb regals i patrocinis. L&#8217;import donatiu de 25 euros per connexi\u00f3 es destinar\u00e0 a diverses entitats locals que han sigut afectades, o estan col\u00b7laborant activament, per ajudar a fam\u00edlies afectades pel covid-19 com C\u00e0ritas, Alacant Gastron\u00f2mica, A Puntadas, Fundaci\u00f3 Defora i ASFEME.<\/p>\n<hr \/>\n<p>&nbsp;[\/vc_column_text][\/vc_column][\/vc_row]<\/p>\n<\/div>","protected":false},"excerpt":{"rendered":"<p>[vc_row][vc_column][vc_column_text] L&#8217;alcalde d&#8217;Elx i els regidors de Promoci\u00f3 Econ\u00f2mica, Carles Molina; Esports, Vicente Alberola, i Drets Socials, Mariano Valera participen en la I Gala Virtual Solid\u00e0ria Club Rotary Elx organitzada [&hellip;]<\/p>\n","protected":false},"author":15,"featured_media":118110,"comment_status":"closed","ping_status":"closed","sticky":false,"template":"","format":"standard","meta":{"footnotes":""},"categories":[391,1312],"tags":[],"class_list":["post-118077","post","type-post","status-publish","format-standard","has-post-thumbnail","hentry","category-home-va","category-noticias-va"],"_links":{"self":[{"href":"https:\/\/www.elche.es\/va\/wp-json\/wp\/v2\/posts\/118077","targetHints":{"allow":["GET"]}}],"collection":[{"href":"https:\/\/www.elche.es\/va\/wp-json\/wp\/v2\/posts"}],"about":[{"href":"https:\/\/www.elche.es\/va\/wp-json\/wp\/v2\/types\/post"}],"author":[{"embeddable":true,"href":"https:\/\/www.elche.es\/va\/wp-json\/wp\/v2\/users\/15"}],"replies":[{"embeddable":true,"href":"https:\/\/www.elche.es\/va\/wp-json\/wp\/v2\/comments?post=118077"}],"version-history":[{"count":0,"href":"https:\/\/www.elche.es\/va\/wp-json\/wp\/v2\/posts\/118077\/revisions"}],"wp:featuredmedia":[{"embeddable":true,"href":"https:\/\/www.elche.es\/va\/wp-json\/wp\/v2\/media\/118110"}],"wp:attachment":[{"href":"https:\/\/www.elche.es\/va\/wp-json\/wp\/v2\/media?parent=118077"}],"wp:term":[{"taxonomy":"category","embeddable":true,"href":"https:\/\/www.elche.es\/va\/wp-json\/wp\/v2\/categories?post=118077"},{"taxonomy":"post_tag","embeddable":true,"href":"https:\/\/www.elche.es\/va\/wp-json\/wp\/v2\/tags?post=118077"}],"curies":[{"name":"wp","href":"https:\/\/api.w.org\/{rel}","templated":true}]}}