{"id":118107,"date":"2020-05-22T14:41:16","date_gmt":"2020-05-22T13:41:16","guid":{"rendered":"http:\/\/www.elche.es\/va\/?p=118107"},"modified":"2020-05-22T14:41:16","modified_gmt":"2020-05-22T13:41:16","slug":"lequip-de-govern-i-lassociacio-de-graduats-socials-uneixen-forces-per-a-millorar-la-qualitat-datencio-de-lsmac","status":"publish","type":"post","link":"https:\/\/www.elche.es\/va\/2020\/05\/lequip-de-govern-i-lassociacio-de-graduats-socials-uneixen-forces-per-a-millorar-la-qualitat-datencio-de-lsmac\/","title":{"rendered":"L&#8217;Equip de Govern i l&#8217;Associaci\u00f3 de Graduats Socials uneixen forces per a millorar la qualitat d&#8217;atenci\u00f3 de l&#8217;SMAC"},"content":{"rendered":"<div class=\"wpb-content-wrapper\"><p>[vc_row][vc_column][vc_column_text]<\/p>\n<hr \/>\n<h4>L&#8217;alcalde mant\u00e9 una reuni\u00f3 virtual amb l&#8217;associaci\u00f3 en la qual es planteja l&#8217;ampliaci\u00f3 en un dia m\u00e9s de l&#8217;atenci\u00f3 i el trasllat del servei de mediaci\u00f3, arbitratge i conciliaci\u00f3 a un espai idoni<\/h4>\n<hr \/>\n<h4>Carlos Gonz\u00e1lez assenyala que \u201caquestes mesures beneficiaran aquelles persones que es veuen obligades a despla\u00e7ar-se fins a Alacant per a registrar qualsevol documentaci\u00f3 referida al conflicte laboral\u201d<\/h4>\n<hr \/>\n<p>[\/vc_column_text][\/vc_column][\/vc_row][vc_row][vc_column][vc_column_text]L&#8217;Equip de Govern Municipal i l&#8217;Associaci\u00f3 de Graduats Socials d&#8217;Elx, Baix Vinalop\u00f3 i Baix Segura han decidit unir forces per a millorar l&#8217;efici\u00e8ncia i les prestacions del servei de mediaci\u00f3, arbitratge i conciliaci\u00f3 (SMAC) que hi ha a la ciutat. En l&#8217;actualitat aquest \u00f2rgan, encarregat de la resoluci\u00f3 de conflictes laborals, opera \u00fanicament els divendres per a tractar tots els casos, la qual cosa genera forts retards i l&#8217;increment de c\u00e0rrega de treball.<\/p>\n<p>Aquesta col\u00b7laboraci\u00f3 s&#8217;ha plantejat en la reuni\u00f3 que van mantindre ahir l&#8217;alcalde d&#8217;Elx, Carlos Gonz\u00e1lez, i el regidor de Promoci\u00f3 Econ\u00f2mica, Carles Molina, amb l&#8217;equip directiu de l&#8217;associaci\u00f3 presidida per Mar\u00eda Asunci\u00f3n V\u00e1zquez.<\/p>\n<p>L&#8217;alcalde va traslladar el seu suport a l&#8217;associaci\u00f3 durant la reuni\u00f3 en la qual es van plantejar mesures com l&#8217;ampliaci\u00f3 d&#8217;un dia m\u00e9s del servei o el trasllat de les instal\u00b7lacions de l&#8217;SMAC a un espai idoni, ja que actualment es troba a les depend\u00e8ncies del SERVEF que hi ha a l&#8217;interior del Parc Infantil de Tr\u00e0nsit &#8220;Pedro Tenza&#8221;.<\/p>\n<p>Gonz\u00e1lez va proposar a l&#8217;associaci\u00f3 elaborar un full de ruta conjunt que permeta una millora integral del funcionament de l&#8217;\u00f2rgan que en l&#8217;actualitat, segons va ressaltar l&#8217;alcalde, \u201c\u00e9s inapropiat tant per als i les professionals com per a les i els usuaris i funcionaris\u201d. \u201cNo sols \u00e9s un assumpte que es dona des de fa massa anys, sin\u00f3 que tamb\u00e9 \u00e9s una q\u00fcesti\u00f3 que t\u00e9 a veure amb la visi\u00f3 provincialista i centralista que es t\u00e9 d&#8217;alguns serveis p\u00fablics que tendeix al fet que tot gire entorn d&#8217;Alacant\u201d, va assenyalar Gonz\u00e1lez.<\/p>\n<p>Aix\u00ed mateix, el regidor il\u00b7licit\u00e0 va insistir que \u201chem d&#8217;intentar plasmar aquesta situaci\u00f3 amb alguna dada en concret que ens permeta asseure&#8217;ns davant qui decideix i plantejar aquesta distribuci\u00f3 injusta dels recursos que es produeix a la prov\u00edncia. Ens brindem a fer un treball i intentar veure quin \u00e9s el seu impacte\u201d<\/p>\n<p>\u201cCrec que \u00e9s just lluitar tant per tindre un espai m\u00e9s adequat de l&#8217;SMAC com per la posada en marxa d&#8217;un servei m\u00e9s ampli que afavorisca tots els col\u00b7lectius laborals d&#8217;Elx\u201d, va destacar el regidor il\u00b7licit\u00e0, qui va continuar assenyalant que \u201caquestes mesures beneficiaran les poblacions de les comarques del Baix Vinalop\u00f3 i del Baix Segura, que en moltes ocasions es veuen obligades a despla\u00e7ar-se fins a Alacant per a registrar qualsevol documentaci\u00f3 referida al conflicte laboral\u201d.<\/p>\n<p>A m\u00e9s, durant la reuni\u00f3 totes dues parts van assenyalar la possibilitat de signar un conveni de col\u00b7laboraci\u00f3 per a atendre les peticions del col\u00b7lectiu \u201cm\u00e9s ara que hi haur\u00e0 un increment substancial de l&#8217;activitat\u201d, va destacar l&#8217;alcalde.<\/p>\n<p>Tamb\u00e9 es van tractar altres assumptes com l&#8217;impuls de les tramitacions amb signatura digital.<\/p>\n<hr \/>\n<p>[\/vc_column_text][\/vc_column][\/vc_row]<\/p>\n<\/div>","protected":false},"excerpt":{"rendered":"<p>[vc_row][vc_column][vc_column_text] L&#8217;alcalde mant\u00e9 una reuni\u00f3 virtual amb l&#8217;associaci\u00f3 en la qual es planteja l&#8217;ampliaci\u00f3 en un dia m\u00e9s de l&#8217;atenci\u00f3 i el trasllat del servei de mediaci\u00f3, arbitratge i conciliaci\u00f3 [&hellip;]<\/p>\n","protected":false},"author":15,"featured_media":118094,"comment_status":"closed","ping_status":"closed","sticky":false,"template":"","format":"standard","meta":{"footnotes":""},"categories":[391,1312,183],"tags":[],"class_list":["post-118107","post","type-post","status-publish","format-standard","has-post-thumbnail","hentry","category-home-va","category-noticias-va","category-pomocio-economica"],"_links":{"self":[{"href":"https:\/\/www.elche.es\/va\/wp-json\/wp\/v2\/posts\/118107","targetHints":{"allow":["GET"]}}],"collection":[{"href":"https:\/\/www.elche.es\/va\/wp-json\/wp\/v2\/posts"}],"about":[{"href":"https:\/\/www.elche.es\/va\/wp-json\/wp\/v2\/types\/post"}],"author":[{"embeddable":true,"href":"https:\/\/www.elche.es\/va\/wp-json\/wp\/v2\/users\/15"}],"replies":[{"embeddable":true,"href":"https:\/\/www.elche.es\/va\/wp-json\/wp\/v2\/comments?post=118107"}],"version-history":[{"count":0,"href":"https:\/\/www.elche.es\/va\/wp-json\/wp\/v2\/posts\/118107\/revisions"}],"wp:featuredmedia":[{"embeddable":true,"href":"https:\/\/www.elche.es\/va\/wp-json\/wp\/v2\/media\/118094"}],"wp:attachment":[{"href":"https:\/\/www.elche.es\/va\/wp-json\/wp\/v2\/media?parent=118107"}],"wp:term":[{"taxonomy":"category","embeddable":true,"href":"https:\/\/www.elche.es\/va\/wp-json\/wp\/v2\/categories?post=118107"},{"taxonomy":"post_tag","embeddable":true,"href":"https:\/\/www.elche.es\/va\/wp-json\/wp\/v2\/tags?post=118107"}],"curies":[{"name":"wp","href":"https:\/\/api.w.org\/{rel}","templated":true}]}}