{"id":118113,"date":"2020-05-22T14:47:16","date_gmt":"2020-05-22T13:47:16","guid":{"rendered":"http:\/\/www.elche.es\/va\/?p=118113"},"modified":"2020-05-22T14:47:16","modified_gmt":"2020-05-22T13:47:16","slug":"lajuntament-treballa-amb-associacions-de-comerciants-i-hostalers-en-noves-conversions-en-zona-de-vianants-de-carrers","status":"publish","type":"post","link":"https:\/\/www.elche.es\/va\/2020\/05\/lajuntament-treballa-amb-associacions-de-comerciants-i-hostalers-en-noves-conversions-en-zona-de-vianants-de-carrers\/","title":{"rendered":"L&#8217;Ajuntament treballa amb associacions de comerciants i hostalers en noves conversions en zona de vianants de carrers"},"content":{"rendered":"<div class=\"wpb-content-wrapper\"><p>[vc_row][vc_column][vc_column_text]<\/p>\n<hr \/>\n<h4>El regidor de Comer\u00e7, Felip S\u00e0nchez, i la regidora de Mobilitat, Esther D\u00edez, es reuneixen amb representants de tots dos sectors per a con\u00e9ixer les seues demandes en barris i pedanies<\/h4>\n<hr \/>\n<p>[\/vc_column_text][\/vc_column][\/vc_row][vc_row][vc_column][vc_column_text]El regidor de Comer\u00e7, Felip S\u00e0nchez, i la regidora de Mobilitat Sostenible, Esther D\u00edez, van mantindre ahir una reuni\u00f3 amb representants de les associacions de comer\u00e7 i hostaleria del municipi per a con\u00e9ixer les seues demandes sobre nous espais per a vianants a barris i a pedanies.<\/p>\n<p>En la trobada van estar presents representants de l&#8217;associaci\u00f3 de comerciants Avinguda de Novelda, de l&#8217;associaci\u00f3 de comerciants Altabix-Universitat (BRESSOLA), de l&#8217;associaci\u00f3 de comerciants La Zona 5, de l&#8217;associaci\u00f3 de comerciants Nit de l\u2019Alb\u00e0-Diagonal, de l&#8217;associaci\u00f3 de comerciants del Centre d&#8217;Elx (ACCE), de l&#8217;associaci\u00f3 de comerciants de l&#8217;Altet (ACA) i del Col\u00b7lectiu Hostaleria Elx.<\/p>\n<p>Els i les comerciants i hostalers van mostrar la seua voluntat que s&#8217;avance en la conversi\u00f3 en zona de vianants de carrers per a generar entorns m\u00e9s segurs, amables i nets que animen la ciutadania a consumir en el comer\u00e7 tradicional i en el sector de la restauraci\u00f3 de la ciutat.<\/p>\n<p>Al llarg de la setmana vinent les diferents entitats faran arribar les propostes concretes de les seues associacions, perqu\u00e8 des de la Regidoria de Mobilitat s&#8217;estudie la seua viabilitat, i perqu\u00e8 aquesta actuaci\u00f3 puga camen\u00e7ar al m\u00e9s prompte possible.<\/p>\n<p>En aquest sentit, Felip S\u00e0nchez ha apuntat que \u2018la reuni\u00f3 ha sigut molt positiva i ha evidenciat que comerciants, hostalers\/es i govern municipal compartim la import\u00e0ncia d&#8217;apostar per les conversions en zona de vianants per a dinamitzar l&#8217;activitat i donar resposta a les demandes de la ciutadania, que passen per espais m\u00e9s amplis pels quals passejar en aquest context d&#8217;emerg\u00e8ncia sanit\u00e0ria i alhora m\u00e9s amables i atractius\u2019.<\/p>\n<p>Al seu torn, Esther D\u00edez ha explicat que \u2018\u00e9s molt important que l&#8217;Ajuntament i els sectors econ\u00f2mics treballem per un mateix model de municipi, en el qual les persones passen a ser les protagonistes de l&#8217;espai p\u00fablic i es generen entorns de qualitat que beneficien a l&#8217;economia local i tamb\u00e9 contribueixen de manera determinant a millorar la salut humana i el respecte al medi ambient\u2019.<\/p>\n<p>En les pr\u00f2ximes setmanes les Regidories de Comer\u00e7 i Mobilitat Sostenible continuaran informant dels avan\u00e7os en les conversions en zona de vianants proposades per comerciants i hostalers\/es.<\/p>\n<hr \/>\n<p>[\/vc_column_text][\/vc_column][\/vc_row]<\/p>\n<\/div>","protected":false},"excerpt":{"rendered":"<p>[vc_row][vc_column][vc_column_text] El regidor de Comer\u00e7, Felip S\u00e0nchez, i la regidora de Mobilitat, Esther D\u00edez, es reuneixen amb representants de tots dos sectors per a con\u00e9ixer les seues demandes en barris [&hellip;]<\/p>\n","protected":false},"author":15,"featured_media":118103,"comment_status":"closed","ping_status":"closed","sticky":false,"template":"","format":"standard","meta":{"footnotes":""},"categories":[2636,391,217,1312],"tags":[],"class_list":["post-118113","post","type-post","status-publish","format-standard","has-post-thumbnail","hentry","category-comerc-va","category-home-va","category-mobilitat","category-noticias-va"],"_links":{"self":[{"href":"https:\/\/www.elche.es\/va\/wp-json\/wp\/v2\/posts\/118113","targetHints":{"allow":["GET"]}}],"collection":[{"href":"https:\/\/www.elche.es\/va\/wp-json\/wp\/v2\/posts"}],"about":[{"href":"https:\/\/www.elche.es\/va\/wp-json\/wp\/v2\/types\/post"}],"author":[{"embeddable":true,"href":"https:\/\/www.elche.es\/va\/wp-json\/wp\/v2\/users\/15"}],"replies":[{"embeddable":true,"href":"https:\/\/www.elche.es\/va\/wp-json\/wp\/v2\/comments?post=118113"}],"version-history":[{"count":0,"href":"https:\/\/www.elche.es\/va\/wp-json\/wp\/v2\/posts\/118113\/revisions"}],"wp:featuredmedia":[{"embeddable":true,"href":"https:\/\/www.elche.es\/va\/wp-json\/wp\/v2\/media\/118103"}],"wp:attachment":[{"href":"https:\/\/www.elche.es\/va\/wp-json\/wp\/v2\/media?parent=118113"}],"wp:term":[{"taxonomy":"category","embeddable":true,"href":"https:\/\/www.elche.es\/va\/wp-json\/wp\/v2\/categories?post=118113"},{"taxonomy":"post_tag","embeddable":true,"href":"https:\/\/www.elche.es\/va\/wp-json\/wp\/v2\/tags?post=118113"}],"curies":[{"name":"wp","href":"https:\/\/api.w.org\/{rel}","templated":true}]}}