{"id":118446,"date":"2020-05-28T13:45:53","date_gmt":"2020-05-28T12:45:53","guid":{"rendered":"http:\/\/www.elche.es\/va\/?p=118446"},"modified":"2020-05-28T13:45:53","modified_gmt":"2020-05-28T12:45:53","slug":"lajuntament-restableix-el-pagament-de-lora-a-partir-de-l1-de-juny","status":"publish","type":"post","link":"https:\/\/www.elche.es\/va\/2020\/05\/lajuntament-restableix-el-pagament-de-lora-a-partir-de-l1-de-juny\/","title":{"rendered":"L&#8217;Ajuntament restableix el pagament de l&#8217;ORA a partir de l&#8217;1 de juny"},"content":{"rendered":"<div class=\"wpb-content-wrapper\"><p>[vc_row][vc_column][vc_column_text]<\/p>\n<hr \/>\n<h4>La regidora de Mobilitat, Esther D\u00edez, explica que tamb\u00e9 es repr\u00e9n el pagament en met\u00e0l\u00b7lic en el bus i es duu a terme l&#8217;ampliaci\u00f3 gratu\u00efta de l&#8217;abonament de Bicielx pels dos mesos i mig compresos entre el 14 de mar\u00e7 i l&#8217;1 de juny<\/h4>\n<hr \/>\n<p>[\/vc_column_text][\/vc_column][\/vc_row][vc_row][vc_column][vc_column_text]La regidora de Mobilitat de l&#8217;Ajuntament d&#8217;Elx, Esther D\u00edez, ha anunciat que el dilluns, 1 de juny, es reactiva el pagament del servei d&#8217;ordenaci\u00f3 i regulaci\u00f3 d&#8217;aparcaments en via p\u00fablica (ORA) despr\u00e9s que el mes de mar\u00e7 s&#8217;anul\u00b7lara com a conseq\u00fc\u00e8ncia de la declaraci\u00f3 de l&#8217;estat d&#8217;alarma. Una mesura que es va adoptar davant la situaci\u00f3 generada per aquest estat d&#8217;alarma en el qual es va suspendre quasi la totalitat de l&#8217;activitat comercial el que no feia necess\u00e0ria la rotaci\u00f3 dels estacionaments.<\/p>\n<p>D&#8217;aquesta manera, a partir del dilluns torna a ser necessari obtindre el tiquet necessari per a estacionar en aquestes zones.<\/p>\n<p>A m\u00e9s, ha anunciat que es repr\u00e9n el pagament en met\u00e0l\u00b7lic en bus urb\u00e0 i que l&#8217;abonament gratu\u00eft de Bici Elx s&#8217;amplia per dos mesos i mig.<\/p>\n<p>\u201cTornem a la normalitat tamb\u00e9 en la gesti\u00f3 de la mobilitat i el tr\u00e0nsit en tota la ciutat i per aix\u00f2, a partir del pr\u00f2xim dilluns, 1 de juny, es repr\u00e9n el pagament en met\u00e0l\u00b7lic en el bus urb\u00e0, encara que continuem aconsellant l&#8217;\u00fas del bo\u201d, ha apuntat la regidora, qui ha afegit que \u201ces reactiva tamb\u00e9 el servei de l&#8217;ORA, coneguda com a zona blava, i l&#8217;ampliaci\u00f3 gratu\u00efta de l&#8217;abonament de Bicielx es far\u00e0 pels dos mesos i mig compresos entre el 14 de mar\u00e7 i l&#8217;1 de juny\u201d.<\/p>\n<hr \/>\n<p>[\/vc_column_text][\/vc_column][\/vc_row]<\/p>\n<\/div>","protected":false},"excerpt":{"rendered":"<p>[vc_row][vc_column][vc_column_text] La regidora de Mobilitat, Esther D\u00edez, explica que tamb\u00e9 es repr\u00e9n el pagament en met\u00e0l\u00b7lic en el bus i es duu a terme l&#8217;ampliaci\u00f3 gratu\u00efta de l&#8217;abonament de Bicielx [&hellip;]<\/p>\n","protected":false},"author":15,"featured_media":118428,"comment_status":"closed","ping_status":"closed","sticky":false,"template":"","format":"standard","meta":{"footnotes":""},"categories":[391,217,1312],"tags":[],"class_list":["post-118446","post","type-post","status-publish","format-standard","has-post-thumbnail","hentry","category-home-va","category-mobilitat","category-noticias-va"],"_links":{"self":[{"href":"https:\/\/www.elche.es\/va\/wp-json\/wp\/v2\/posts\/118446","targetHints":{"allow":["GET"]}}],"collection":[{"href":"https:\/\/www.elche.es\/va\/wp-json\/wp\/v2\/posts"}],"about":[{"href":"https:\/\/www.elche.es\/va\/wp-json\/wp\/v2\/types\/post"}],"author":[{"embeddable":true,"href":"https:\/\/www.elche.es\/va\/wp-json\/wp\/v2\/users\/15"}],"replies":[{"embeddable":true,"href":"https:\/\/www.elche.es\/va\/wp-json\/wp\/v2\/comments?post=118446"}],"version-history":[{"count":0,"href":"https:\/\/www.elche.es\/va\/wp-json\/wp\/v2\/posts\/118446\/revisions"}],"wp:featuredmedia":[{"embeddable":true,"href":"https:\/\/www.elche.es\/va\/wp-json\/wp\/v2\/media\/118428"}],"wp:attachment":[{"href":"https:\/\/www.elche.es\/va\/wp-json\/wp\/v2\/media?parent=118446"}],"wp:term":[{"taxonomy":"category","embeddable":true,"href":"https:\/\/www.elche.es\/va\/wp-json\/wp\/v2\/categories?post=118446"},{"taxonomy":"post_tag","embeddable":true,"href":"https:\/\/www.elche.es\/va\/wp-json\/wp\/v2\/tags?post=118446"}],"curies":[{"name":"wp","href":"https:\/\/api.w.org\/{rel}","templated":true}]}}