{"id":118568,"date":"2020-05-29T16:05:43","date_gmt":"2020-05-29T15:05:43","guid":{"rendered":"http:\/\/www.elche.es\/va\/?p=118568"},"modified":"2020-05-29T16:05:43","modified_gmt":"2020-05-29T15:05:43","slug":"sanitat-licita-les-obres-del-nou-bloc-quirurgic-de-lhospital-general-delx-per-un-import-de-mes-de-124-milions-deuros","status":"publish","type":"post","link":"https:\/\/www.elche.es\/va\/2020\/05\/sanitat-licita-les-obres-del-nou-bloc-quirurgic-de-lhospital-general-delx-per-un-import-de-mes-de-124-milions-deuros\/","title":{"rendered":"Sanitat licita les obres del nou bloc quir\u00fargic de l&#8217;Hospital General d&#8217;Elx per un import de m\u00e9s de 12,4 milions d&#8217;euros"},"content":{"rendered":"<div class=\"wpb-content-wrapper\"><p>[vc_row][vc_column][vc_column_text]<\/p>\n<hr \/>\n<h4>Les obres, que s&#8217;iniciaran a la fi d&#8217;any i s&#8217;espera que concloguen a mitjan 2023, dotaran el centre sanitari de 13 nous quir\u00f2fans per a millorar l&#8217;activitat assistencial<\/h4>\n<hr \/>\n<h4>L&#8217;alcalde, Carlos Gonz\u00e1lez, destaca que suposa \u201ccomplir amb un dels nostres principals compromisos amb la ciutadania\u201d i la consellera, Ana Barcel\u00f3, assenyala que \u201cpermetr\u00e0 millorar la qualitat i la capacitat assistencial\u201d<\/h4>\n<hr \/>\n<p>[\/vc_column_text][\/vc_column][\/vc_row][vc_row][vc_column][vc_column_text]La Conselleria de Sanitat Universal i Salut P\u00fablica ha publicat, en la Plataforma de Contractaci\u00f3, la licitaci\u00f3 de les obres d&#8217;ampliaci\u00f3 i reforma del nou bloc quir\u00fargic de l&#8217;Hospital General Universitari d&#8217;Elx per un import de m\u00e9s de 12,4 milions d&#8217;euros. L&#8217;obra consisteix en la remodelaci\u00f3 dels huit quir\u00f2fans actuals i en la creaci\u00f3 d&#8217;altres cinc nous quir\u00f2fans. L&#8217;alcalde d&#8217;Elx, Carlos Gonz\u00e1lez, ha recordat l&#8217;ampli pla de rehabilitaci\u00f3 que es ve executant al centre sanitari i ha assenyalat sobre aquesta licitaci\u00f3 que \u201c\u00e9s una molt bona not\u00edcia pera la ciutat perqu\u00e8 significa que continuem avan\u00e7ant en un dels nostres objectius prioritaris, que \u00e9s la millora del nostre sistema sanitari\u201d.<\/p>\n<p>\u201cMillorar l&#8217;Hospital General d&#8217;Elx \u00e9s complir amb un dels nostres principals compromisos amb la ciutadania i un dels m\u00e9s importants adquirits pel president de la Generalitat, Ximo Puig. Vull valorar molt positivament aquesta decisi\u00f3, que possibilitar\u00e0 que les obres comencen a final del present exercici de 2020, i agrair a la consellera de Sanitat, Ana Barcel\u00f3, i al mateix president, el seu comprom\u00eds amb la millora de l&#8217;atenci\u00f3 sanit\u00e0ria i amb la inversi\u00f3 a la nostra ciutat per a modernitzar un servei p\u00fablic tan important com la sanitat\u201d, ha afegit l&#8217;alcalde.<\/p>\n<p>Per part seua, la consellera de Sanitat, Ana Barcel\u00f3, ha informat de qu\u00e8 &#8220;es tracta d&#8217;una obra de gran envergadura que permetr\u00e0 millorar la qualitat i la capacitat assistencial d&#8217;aquest hospital, ja que les obres suposaran l&#8217;ampliaci\u00f3 del bloc quir\u00fargic en cinc quir\u00f2fans, la qual cosa permetr\u00e0 incrementar l&#8217;activitat quir\u00fargica&#8221;.<\/p>\n<p>Amb la publicaci\u00f3 en la Plataforma de Contractaci\u00f3 s&#8217;inicia el tr\u00e0mit de licitaci\u00f3 i s&#8217;espera que per a finals d&#8217;any puguen comen\u00e7ar les obres, la duraci\u00f3 de les quals est\u00e0 prevista fins a mitjans de l&#8217;any 2023. A m\u00e9s, durant aquest proc\u00e9s es mantindr\u00e0 l&#8217;activitat de l&#8217;actual bloc quir\u00fargic, i una vegada concloguen els treballs, es posar\u00e0 en marxa el nou bloc quir\u00fargic de manera que les instal\u00b7lacions de l&#8217;anterior podran destinar-se a altres necessitats assistencials.<\/p>\n<p>Per aix\u00f2, Barcel\u00f3 ha indicat que &#8220;l&#8217;objectiu d&#8217;aquestes obres \u00e9s oferir a la ciutadania del departament de salut d&#8217;Elx els millors serveis assistencials, i una vegada es constru\u00efsca el nou bloc quir\u00fargic, a les instal\u00b7lacions anteriors podran ampliar-se els serveis assistencials&#8221;.<\/p>\n<h5>Distribuci\u00f3 assistencial<\/h5>\n<p>Aquestes obres compten amb una s\u00e8rie de caracter\u00edstiques que fan del projecte una actuaci\u00f3 molt singular. En aquest sentit, la falta d&#8217;espai disponible en la parcel\u00b7la obliga al fet que es desenvolupe l&#8217;obra en altura, de manera que es puga salvar la coberta d&#8217;un dels edificis de l&#8217;hospital. Per a aix\u00f2, l&#8217;ampliaci\u00f3 es dissenya mitjan\u00e7ant una estructura independent de grans dimensions per a no afectar l&#8217;edificaci\u00f3 existent. A m\u00e9s, les obres es duran a terme sobre un dels edificis de l&#8217;hospital (bloc nord) i es realitzaran dues plantes elevades i independents d&#8217;aquest bloc.<\/p>\n<p>El nou bloc quir\u00fargic es distribuir\u00e0 en dues plantes. En la primera planta se situaran 13 quir\u00f2fans (un d&#8217;ells h\u00edbrid), una Unitat de Recuperaci\u00f3 Post Anest\u00e8sica (amb 20 boxs per a adults i dos boxs pedi\u00e0trics), zona de suport de quir\u00f2fans, zona de suport log\u00edstic i zona de personal (magatzems, despatxos o lavabos). D&#8217;altra banda, en la segona planta, ocupada parcialment, se situaran estades per al personal (vestuaris, sala de reunions, despatxos, sala d&#8217;estar) i locals d&#8217;instal\u00b7lacions.<\/p>\n<p>Aix\u00ed mateix, el projecte tamb\u00e9 incorpora l&#8217;execuci\u00f3 d&#8217;una passarel\u00b7la elevada per a subministraments que connecta l&#8217;edifici de magatzem general amb l&#8217;extrem oest del bloc nord i la urbanitzaci\u00f3 dels terrenys afectats per la fonamentaci\u00f3 i pels nous nuclis de comunicaci\u00f3 vertical.<\/p>\n<p>Finalment, la ubicaci\u00f3 d&#8217;aquesta actuaci\u00f3 a l&#8217;entorn del palmerar d&#8217;Elx ha requerit parar especial atenci\u00f3 a la integraci\u00f3 paisatg\u00edstica del conjunt respectant un entorn de gran valor patrimonial.<\/p>\n<p>[\/vc_column_text][\/vc_column][\/vc_row]<\/p>\n<\/div>","protected":false},"excerpt":{"rendered":"<p>[vc_row][vc_column][vc_column_text] Les obres, que s&#8217;iniciaran a la fi d&#8217;any i s&#8217;espera que concloguen a mitjan 2023, dotaran el centre sanitari de 13 nous quir\u00f2fans per a millorar l&#8217;activitat assistencial L&#8217;alcalde, [&hellip;]<\/p>\n","protected":false},"author":15,"featured_media":118545,"comment_status":"closed","ping_status":"closed","sticky":false,"template":"","format":"standard","meta":{"footnotes":""},"categories":[391,1312,893],"tags":[],"class_list":["post-118568","post","type-post","status-publish","format-standard","has-post-thumbnail","hentry","category-home-va","category-noticias-va","category-sanidad-va"],"_links":{"self":[{"href":"https:\/\/www.elche.es\/va\/wp-json\/wp\/v2\/posts\/118568","targetHints":{"allow":["GET"]}}],"collection":[{"href":"https:\/\/www.elche.es\/va\/wp-json\/wp\/v2\/posts"}],"about":[{"href":"https:\/\/www.elche.es\/va\/wp-json\/wp\/v2\/types\/post"}],"author":[{"embeddable":true,"href":"https:\/\/www.elche.es\/va\/wp-json\/wp\/v2\/users\/15"}],"replies":[{"embeddable":true,"href":"https:\/\/www.elche.es\/va\/wp-json\/wp\/v2\/comments?post=118568"}],"version-history":[{"count":0,"href":"https:\/\/www.elche.es\/va\/wp-json\/wp\/v2\/posts\/118568\/revisions"}],"wp:featuredmedia":[{"embeddable":true,"href":"https:\/\/www.elche.es\/va\/wp-json\/wp\/v2\/media\/118545"}],"wp:attachment":[{"href":"https:\/\/www.elche.es\/va\/wp-json\/wp\/v2\/media?parent=118568"}],"wp:term":[{"taxonomy":"category","embeddable":true,"href":"https:\/\/www.elche.es\/va\/wp-json\/wp\/v2\/categories?post=118568"},{"taxonomy":"post_tag","embeddable":true,"href":"https:\/\/www.elche.es\/va\/wp-json\/wp\/v2\/tags?post=118568"}],"curies":[{"name":"wp","href":"https:\/\/api.w.org\/{rel}","templated":true}]}}