{"id":124265,"date":"2020-09-02T07:09:11","date_gmt":"2020-09-02T06:09:11","guid":{"rendered":"http:\/\/www.elche.es\/va\/?p=124265"},"modified":"2020-09-02T07:09:11","modified_gmt":"2020-09-02T06:09:11","slug":"carlos-gonzalez-reivindica-que-els-pressupostos-de-lestat-incloguen-la-ronda-sud-lave-i-la-xarxa-de-rodalia","status":"publish","type":"post","link":"https:\/\/www.elche.es\/va\/2020\/09\/carlos-gonzalez-reivindica-que-els-pressupostos-de-lestat-incloguen-la-ronda-sud-lave-i-la-xarxa-de-rodalia\/","title":{"rendered":"Carlos Gonz\u00e1lez reivindica que els Pressupostos de l&#8217;Estat incloguen la ronda Sud, l&#8217;AVE i la xarxa de Rodalia"},"content":{"rendered":"<hr \/>\n<h4>L&#8217;alcalde, que s&#8217;ha reincorporat al seu despatx aquest mat\u00ed, considera que aquestes infraestructures s\u00f3n \u201cfonamentals\u201d per al desenvolupament de la ciutat<\/h4>\n<hr \/>\n<h4>Gonz\u00e1lez ja ha comen\u00e7at a treballar en els Pressupostos d&#8217;Elx per a 2021 i preveu que s&#8217;emporten a Ple abans de final d&#8217;any<\/h4>\n<hr \/>\n<p>L&#8217;alcalde d&#8217;Elx, Carlos Gonz\u00e1lez, ha anunciat que reivindicar\u00e0 perqu\u00e8 el Govern de Pedro S\u00e1nchez incloga en els Pressupostos Generals de l&#8217;Estat (PGE) de 2021 les obres de la finalitzaci\u00f3 de la ronda Sud, la modernitzaci\u00f3 de la xarxa de Rodalia i la posada en marxa de l&#8217;alta velocitat.<\/p>\n<p>Gonz\u00e1lez, que aquest mat\u00ed s&#8217;ha reincorporat al seu despatx a l&#8217;Ajuntament despr\u00e9s d&#8217;unes breus vacances, va manifestar la seua intenci\u00f3 de reclamar davant el Govern Central el comen\u00e7ament de l&#8217;execuci\u00f3 d&#8217;aquestes infraestructures, que considera vitals per al desenvolupament d&#8217;Elx.<\/p>\n<h5><strong>Infraestructures fonamentals<\/strong><\/h5>\n<p>L&#8217;alcalde d&#8217;Elx ha valorat molt positivament el plantejament realitzat ahir pel president del Govern, Pedro S\u00e1nchez, en relaci\u00f3 amb la necessitat que Espanya compte amb uns Pressupostos Generals de l&#8217;Estat per a 2021, que siguen la base de la recuperaci\u00f3 econ\u00f2mica despr\u00e9s de la crisi de la Covid-19. \u201cEspanya necessita un pressupost que estiga concebut afavorir el desenvolupament socioecon\u00f2mic en tot el pa\u00eds\u201d, va indicar.<\/p>\n<p>Gonz\u00e1lez va afegir que \u201cconsidere fonamental que el projecte de pressupostos en el qual es treballar\u00e0 atenga les necessitats socials, i que servisca per tant per a tancar la bretxa social que ha generat la pand\u00e8mia; per\u00f2 tamb\u00e9 \u00e9s essencial que siga un pressupost que invertisca decididament en infraestructures que possibiliten el creixement econ\u00f2mic i la creaci\u00f3 d&#8217;ocupaci\u00f3; el que en termes locals significa, entre altres q\u00fcestions, que els pressupostos de l&#8217;Estat incloguen com a inversions estrat\u00e8giques per a la nostra ciutat actuacions com la ronda Sud, la modernitzaci\u00f3 de la xarxa de Rodalia o la posada en marxa de l&#8217;alta velocitat, que s\u00f3n infraestructures clau per a la millora de la competitivitat del nostre territori i de les empreses il\u00b7licitanes\u201d.<\/p>\n<p>Aix\u00ed mateix, l&#8217;alcalde d&#8217;Elx va tornar a incidir en qu\u00e8 cal que els municipis tinguen veu en el repartiment de les ajudes procedents de la Uni\u00f3 Europea i amb les quals el Govern espera incrementar, a llarg termini, en un 2% el PIB espanyol.<\/p>\n<h5><strong>Pressupostos municipals<\/strong><\/h5>\n<p>Carlos Gonz\u00e1lez, d&#8217;altra banda, ha comen\u00e7at aquest mateix mat\u00ed a treballar, entre altres assumptes, en la preparaci\u00f3 dels Pressupostos de l&#8217;Ajuntament d&#8217;Elx per al pr\u00f2xim exercici.<\/p>\n<p>L&#8217;alcalde preveu que el projecte de pressupostos estiga concl\u00f2s per al mes de novembre i puguen ser aprovats pel Ple abans que acabe l&#8217;any.<\/p>\n<hr \/>\n<p>&nbsp;<\/p>\n","protected":false},"excerpt":{"rendered":"<p>L&#8217;alcalde, que s&#8217;ha reincorporat al seu despatx aquest mat\u00ed, considera que aquestes infraestructures s\u00f3n \u201cfonamentals\u201d per al desenvolupament de la ciutat Gonz\u00e1lez ja ha comen\u00e7at a treballar en els Pressupostos [&hellip;]<\/p>\n","protected":false},"author":15,"featured_media":124261,"comment_status":"closed","ping_status":"closed","sticky":false,"template":"","format":"standard","meta":{"footnotes":""},"categories":[391,1312],"tags":[],"class_list":["post-124265","post","type-post","status-publish","format-standard","has-post-thumbnail","hentry","category-home-va","category-noticias-va"],"_links":{"self":[{"href":"https:\/\/www.elche.es\/va\/wp-json\/wp\/v2\/posts\/124265","targetHints":{"allow":["GET"]}}],"collection":[{"href":"https:\/\/www.elche.es\/va\/wp-json\/wp\/v2\/posts"}],"about":[{"href":"https:\/\/www.elche.es\/va\/wp-json\/wp\/v2\/types\/post"}],"author":[{"embeddable":true,"href":"https:\/\/www.elche.es\/va\/wp-json\/wp\/v2\/users\/15"}],"replies":[{"embeddable":true,"href":"https:\/\/www.elche.es\/va\/wp-json\/wp\/v2\/comments?post=124265"}],"version-history":[{"count":0,"href":"https:\/\/www.elche.es\/va\/wp-json\/wp\/v2\/posts\/124265\/revisions"}],"wp:featuredmedia":[{"embeddable":true,"href":"https:\/\/www.elche.es\/va\/wp-json\/wp\/v2\/media\/124261"}],"wp:attachment":[{"href":"https:\/\/www.elche.es\/va\/wp-json\/wp\/v2\/media?parent=124265"}],"wp:term":[{"taxonomy":"category","embeddable":true,"href":"https:\/\/www.elche.es\/va\/wp-json\/wp\/v2\/categories?post=124265"},{"taxonomy":"post_tag","embeddable":true,"href":"https:\/\/www.elche.es\/va\/wp-json\/wp\/v2\/tags?post=124265"}],"curies":[{"name":"wp","href":"https:\/\/api.w.org\/{rel}","templated":true}]}}